{"id":21926,"date":"2008-10-08T15:54:16","date_gmt":"2008-10-08T15:54:16","guid":{"rendered":"https:\/\/obscom.intervozes.org.br\/wordpress\/?p=21926"},"modified":"2008-10-08T15:54:16","modified_gmt":"2008-10-08T15:54:16","slug":"governo-fara-nova-licitacao-para-o-uca-ainda-este-ano","status":"publish","type":"post","link":"https:\/\/obscom.intervozes.org.br\/?p=21926","title":{"rendered":"Governo far\u00e1 nova licita\u00e7\u00e3o para o UCA ainda este ano"},"content":{"rendered":"<p>   \t \t \t \t \t<!-- \t\t@page { margin: 2cm } \t\tP { margin-bottom: 0.21cm } \t--> \t  <\/p>\n<p style=\"margin-bottom: 0cm\" class=\"western padrao\">O governo far&aacute;, ainda este ano, nova licita&ccedil;&atilde;o para compra de 150 mil netbooks para o programa Um Computador por Aluno. A informa&ccedil;&atilde;o &eacute; do presidente do Servi&ccedil;o Federal de Processamento de Dados (Serpro), Marcos Mazoni.<\/p>\n<p>&quot;Estamos aguardando defini&ccedil;&otilde;es or&ccedil;ament&aacute;rias para a compra&quot;, disse Mazoni ao Guia das Cidades Digitais. Muitas empresas interessadas na licita&ccedil;&atilde;o j&aacute; aguardavam esta sinaliza&ccedil;&atilde;o do governo h&aacute; pelo menos dois meses.<\/p>\n<p>A fase piloto do projeto, prevista para terminar no fim do ano letivo, em dezembro, testou dois modelos de netbooks (o Classmate PC, da Intel e o XO, da OLPC) em escolas de cinco cidades brasileiras: S&atilde;o Paulo, Porto Alegre, Palmas, Pira&iacute; e Bras&iacute;lia.<\/p>\n<p>Mas sabe-se que j&aacute; h&aacute; outros modelos aptos a participar da nova licita&ccedil;&atilde;o. Entre eles, o Mobilis, da indiana Encore, uma das grandes cr&iacute;ticas do edital da primeira licita&ccedil;&atilde;o, feita por preg&atilde;o eletr&ocirc;nico em dezembro de 2007. Em fevereiro deste ano o governo cancelou a licita&ccedil;&atilde;o, ganha pela Positivo, alegando que o pre&ccedil;o m&iacute;nimo obtido nos dois preg&otilde;es, de US$ 360, havia ficado muito acima dos US$ 100 que pretendia pagar inicialmente.  <\/p>\n","protected":false},"excerpt":{"rendered":"<p>O governo far&aacute;, ainda este ano, nova licita&ccedil;&atilde;o para compra de 150 mil netbooks para o programa Um Computador por Aluno. A informa&ccedil;&atilde;o &eacute; do presidente do Servi&ccedil;o Federal de Processamento de Dados (Serpro), Marcos Mazoni. &quot;Estamos aguardando defini&ccedil;&otilde;es or&ccedil;ament&aacute;rias para a compra&quot;, disse Mazoni ao Guia das Cidades Digitais. Muitas empresas interessadas na licita&ccedil;&atilde;o &hellip; <a href=\"https:\/\/obscom.intervozes.org.br\/?p=21926\" class=\"more-link\">Continue lendo <span class=\"screen-reader-text\">Governo far\u00e1 nova licita\u00e7\u00e3o para o UCA ainda este ano<\/span> <span class=\"meta-nav\">&rarr;<\/span><\/a><\/p>\n","protected":false},"author":1,"featured_media":0,"comment_status":"open","ping_status":"open","sticky":false,"template":"","format":"standard","meta":{"footnotes":""},"categories":[40],"tags":[880],"_links":{"self":[{"href":"https:\/\/obscom.intervozes.org.br\/index.php?rest_route=\/wp\/v2\/posts\/21926"}],"collection":[{"href":"https:\/\/obscom.intervozes.org.br\/index.php?rest_route=\/wp\/v2\/posts"}],"about":[{"href":"https:\/\/obscom.intervozes.org.br\/index.php?rest_route=\/wp\/v2\/types\/post"}],"author":[{"embeddable":true,"href":"https:\/\/obscom.intervozes.org.br\/index.php?rest_route=\/wp\/v2\/users\/1"}],"replies":[{"embeddable":true,"href":"https:\/\/obscom.intervozes.org.br\/index.php?rest_route=%2Fwp%2Fv2%2Fcomments&post=21926"}],"version-history":[{"count":0,"href":"https:\/\/obscom.intervozes.org.br\/index.php?rest_route=\/wp\/v2\/posts\/21926\/revisions"}],"wp:attachment":[{"href":"https:\/\/obscom.intervozes.org.br\/index.php?rest_route=%2Fwp%2Fv2%2Fmedia&parent=21926"}],"wp:term":[{"taxonomy":"category","embeddable":true,"href":"https:\/\/obscom.intervozes.org.br\/index.php?rest_route=%2Fwp%2Fv2%2Fcategories&post=21926"},{"taxonomy":"post_tag","embeddable":true,"href":"https:\/\/obscom.intervozes.org.br\/index.php?rest_route=%2Fwp%2Fv2%2Ftags&post=21926"}],"curies":[{"name":"wp","href":"https:\/\/api.w.org\/{rel}","templated":true}]}}