{"id":21923,"date":"2008-10-08T15:38:05","date_gmt":"2008-10-08T15:38:05","guid":{"rendered":"https:\/\/obscom.intervozes.org.br\/wordpress\/?p=21923"},"modified":"2008-10-08T15:38:05","modified_gmt":"2008-10-08T15:38:05","slug":"pgo-e-pgr-serao-votados-em-sessao-publica-na-anatel","status":"publish","type":"post","link":"https:\/\/obscom.intervozes.org.br\/?p=21923","title":{"rendered":"PGO e PGR ser\u00e3o votados em sess\u00e3o p\u00fablica na Anatel"},"content":{"rendered":"<p>   \t \t \t \t \t<!-- \t\t@page { margin: 2cm } \t\tP { margin-bottom: 0.21cm } \t--> \t  <\/p>\n<p style=\"margin-bottom: 0cm\" class=\"western padrao\"><u><strong>Reproduzido do TeleTime News<\/strong><\/u><\/p>\n<p>Depois de uma enxurrada de pedidos, a Ag&ecirc;ncia Nacional de Telecomunica&ccedil;&otilde;es (Anatel) decidiu votar os pareceres finais sobre o novo Plano Geral de Outorgas (PGO) e o Plano Geral de Regulamenta&ccedil;&atilde;o (PGR) em uma sess&atilde;o aberta. A quest&atilde;o foi acertada na reuni&atilde;o desta ter&ccedil;a-feira (7), e o aviso da sess&atilde;o deve ser publicado amanh&atilde; no Di&aacute;rio Oficial da Uni&atilde;o (DOU), segundo informa&ccedil;&otilde;es oficiais da ag&ecirc;ncia. O encontro ficou agendado para o dia 16 de outubro. &Eacute; prov&aacute;vel que dia 17 tamb&eacute;m seja dedicado ao tema. Na sess&atilde;o aberta, as partes interessadas podem se manifestar. <\/p>\n<p>A primeira sugest&atilde;o para que o PGO e o PGR fossem deliberados em reuni&atilde;o p&uacute;blica partiu do presidente da Telef&ocirc;nica, Antonio Carlos Valente, que como ex-vice-presidente da Anatel, lembrou que em outras situa&ccedil;&otilde;es a ag&ecirc;ncia j&aacute; fez uso das sess&otilde;es desse tipo. Ap&oacute;s Valente, &oacute;rg&atilde;os de defesa do consumidor e associa&ccedil;&otilde;es propuseram o mesmo dentro e fora das consultas p&uacute;blicas sobre o texto.<\/p>\n<p>A &uacute;ltima palavra sobre o assunto partiu da procuradoria especializada da ag&ecirc;ncia que, em seus pareceres sobre o PGO e o PGR, sugeriu a realiza&ccedil;&atilde;o de sess&atilde;o p&uacute;blica para decidir sobre a reforma. No caso da procuradoria, este &eacute; apenas o primeiro passo em dire&ccedil;&atilde;o &agrave; abertura plena das reuni&otilde;es deliberativas da autarquia. No parecer do PGR, a &aacute;rea jur&iacute;dica sugere que a ag&ecirc;ncia abra seus encontros ao p&uacute;blico, n&atilde;o s&oacute; em momentos de decis&atilde;o de quest&otilde;es complexas como o PGO e o PGR. A id&eacute;ia ainda sofre resist&ecirc;ncias por parte de alguns membros do Conselho Diretor da Anatel.<\/p>\n","protected":false},"excerpt":{"rendered":"<p>Reproduzido do TeleTime News Depois de uma enxurrada de pedidos, a Ag&ecirc;ncia Nacional de Telecomunica&ccedil;&otilde;es (Anatel) decidiu votar os pareceres finais sobre o novo Plano Geral de Outorgas (PGO) e o Plano Geral de Regulamenta&ccedil;&atilde;o (PGR) em uma sess&atilde;o aberta. A quest&atilde;o foi acertada na reuni&atilde;o desta ter&ccedil;a-feira (7), e o aviso da sess&atilde;o deve &hellip; <a href=\"https:\/\/obscom.intervozes.org.br\/?p=21923\" class=\"more-link\">Continue lendo <span class=\"screen-reader-text\">PGO e PGR ser\u00e3o votados em sess\u00e3o p\u00fablica na Anatel<\/span> <span class=\"meta-nav\">&rarr;<\/span><\/a><\/p>\n","protected":false},"author":1,"featured_media":0,"comment_status":"open","ping_status":"open","sticky":false,"template":"","format":"standard","meta":{"footnotes":""},"categories":[39],"tags":[],"_links":{"self":[{"href":"https:\/\/obscom.intervozes.org.br\/index.php?rest_route=\/wp\/v2\/posts\/21923"}],"collection":[{"href":"https:\/\/obscom.intervozes.org.br\/index.php?rest_route=\/wp\/v2\/posts"}],"about":[{"href":"https:\/\/obscom.intervozes.org.br\/index.php?rest_route=\/wp\/v2\/types\/post"}],"author":[{"embeddable":true,"href":"https:\/\/obscom.intervozes.org.br\/index.php?rest_route=\/wp\/v2\/users\/1"}],"replies":[{"embeddable":true,"href":"https:\/\/obscom.intervozes.org.br\/index.php?rest_route=%2Fwp%2Fv2%2Fcomments&post=21923"}],"version-history":[{"count":0,"href":"https:\/\/obscom.intervozes.org.br\/index.php?rest_route=\/wp\/v2\/posts\/21923\/revisions"}],"wp:attachment":[{"href":"https:\/\/obscom.intervozes.org.br\/index.php?rest_route=%2Fwp%2Fv2%2Fmedia&parent=21923"}],"wp:term":[{"taxonomy":"category","embeddable":true,"href":"https:\/\/obscom.intervozes.org.br\/index.php?rest_route=%2Fwp%2Fv2%2Fcategories&post=21923"},{"taxonomy":"post_tag","embeddable":true,"href":"https:\/\/obscom.intervozes.org.br\/index.php?rest_route=%2Fwp%2Fv2%2Ftags&post=21923"}],"curies":[{"name":"wp","href":"https:\/\/api.w.org\/{rel}","templated":true}]}}