{"id":21919,"date":"2008-10-07T17:15:13","date_gmt":"2008-10-07T17:15:13","guid":{"rendered":"https:\/\/obscom.intervozes.org.br\/wordpress\/?p=21919"},"modified":"2008-10-07T17:15:13","modified_gmt":"2008-10-07T17:15:13","slug":"folha-erra-e-tensiona-relacoes-entre-equador-e-colombia","status":"publish","type":"post","link":"https:\/\/obscom.intervozes.org.br\/?p=21919","title":{"rendered":"Folha erra e tensiona rela\u00e7\u00f5es entre Equador e Col\u00f4mbia"},"content":{"rendered":"<p><span class=\"padrao\">O jornal &quot;Folha de S.Paulo&quot; equivocou-se numa entrevista com o presidente do Equador, Rafael Correa. Ao transcrever um di&aacute;logo com o presidente, informou erroneamente que Correa dizia que a Col&ocirc;mbia &eacute; um &ldquo;governo que n&atilde;o consider&aacute;vamos amigos&rdquo;, em resposta a uma pergunta sobre o abalo nas rela&ccedil;&otilde;es entre os dois pa&iacute;ses desde que, em mar&ccedil;o, a Col&ocirc;mbia entrou em territ&oacute;rio equatoriano para atacar uma base das Farc, as For&ccedil;as Armadas Revolucion&aacute;rias da Col&ocirc;mbia.<\/p>\n<p>Como explica uma nota (para assinantes) na &quot;Folha&quot; desta segunda (6), foi colocado um &ldquo;n&atilde;o&rdquo; que n&atilde;o fora dito por Correa. &ldquo;Na entrevista, quando questionado se considerava superada a crise com a Col&ocirc;mbia, ap&oacute;s o ataque colombiano a uma base das Farc (For&ccedil;as Armadas Revolucion&aacute;rias da Col&ocirc;mbia) no Equador, em 1&ordm; de mar&ccedil;o, Correa disse, segundo seus assessores: &lsquo;(&#8230;) houve uma clara agress&atilde;o deliberada, desleal ao territ&oacute;rio equatoriano n&atilde;o por parte de um pa&iacute;s que consideramos irm&atilde;o, mas de um governo que consider&aacute;vamos amigo&rsquo;. No texto publicado pela Folha foi inclu&iacute;do um &lsquo;n&atilde;o&rsquo; que mudou o sentido da frase: &lsquo;Esse caso nunca ser&aacute; superado porque h&aacute; uma clara agress&atilde;o deliberada e desleal ao territ&oacute;rio equatoriano por parte de um pa&iacute;s que consideramos irm&atilde;o, por&eacute;m tem um governo que n&atilde;o consideramos amigo&rsquo;&rdquo;, disse a &quot;Folha&quot;.<\/p>\n<p>O jornal justificou o erro por uma dificuldade de se entender a fala de Correa. A Folha tamb&eacute;m disse que omitiu uma parte da entrevista, em que o presidente equatoriano afirma que: &ldquo;&lsquo;em todo caso, temos que olhar para a frente e seguir&rsquo;, dando a entender que poderia haver acordo com Bogot&aacute;&rdquo; (transcri&ccedil;&atilde;o da Folha).<\/p>\n<p><strong>Mal-estar<\/strong><\/p>\n<p>O fato &eacute; que a entrevista com Correa intensificou o mal-estar entre os dois pa&iacute;ses. Na sexta-feira (03\/10), dia seguinte &agrave; publica&ccedil;&atilde;o da entrevista, a Embaixada da Col&ocirc;mbia postou um comunicado no site no qual recua da decis&atilde;o de ir &agrave; reuni&atilde;o de c&uacute;pula da Comunidade Andina das Na&ccedil;&otilde;es (CAN), que acontece em 14\/10, por causa da declara&ccedil;&atilde;o de Correa &ldquo;aos meios de comunica&ccedil;&atilde;o&rdquo;, sem deixar claro que era devido &agrave; entrevista com a Folha de S.Paulo.<\/p>\n<p>Em 4\/10, s&aacute;bado, surgiria a resposta do governo equatoriano, em outro comunicado. O Minist&eacute;rio das Rela&ccedil;&otilde;es Exteriores corrige a declara&ccedil;&atilde;o da Folha, sem citar que havia sido dada ao jornal, e sim a um &ldquo;meio de comunica&ccedil;&atilde;o do Brasil&rdquo;. Diz ainda que a entrevista foi utilizada por Uribe como &ldquo;pretexto&rdquo; para a Col&ocirc;mbia deixar de participar do encontro andino.<\/p>\n<p>Nesta segunda (6), em contato com as embaixadas de ambos os pa&iacute;ses, o governo colombiano informou que n&atilde;o tem novidades acerca da quest&atilde;o. N&atilde;o disse se, mesmo com o esclarecimento da Folha, vai voltar atr&aacute;s da decis&atilde;o de n&atilde;o ir &agrave; reuni&atilde;o da CAN.<\/p>\n<p>A embaixada do Equador confirmou que as rela&ccedil;&otilde;es entre os pa&iacute;ses ficaram &ldquo;afetadas&rdquo; com a declara&ccedil;&atilde;o da Folha e informou que aguarda uma decis&atilde;o do presidente Uribe em torno do assunto.<\/p>\n<p>Editora de Mundo<\/p>\n<p>A editora de Mundo da &quot;Folha&quot;, Claudia Antunes, informa que o jornal &ldquo;n&atilde;o tem problema em fazer corre&ccedil;&otilde;es&rdquo;. Disse ainda que ficou sabendo do erro por meio das ag&ecirc;ncias de not&iacute;cias internacionais, que reproduziram o que o presidente equatoriano disse em seu programa de r&aacute;dio e TV no s&aacute;bado (4). &ldquo;Como ele n&atilde;o explicitava que erro tinha sido cometido, busquei informa&ccedil;&otilde;es no site do Minist&eacute;rio das Rela&ccedil;&otilde;es Exteriores do Equador. L&aacute;, havia a nota que esclarecia o trecho da entrevista que estava transcrito errado. E o jornal tomou a iniciativa de fazer a corre&ccedil;&atilde;o &ndash; em duas notas, uma no domingo e outra hoje&rdquo;, disse a editora.<\/span><\/p>\n","protected":false},"excerpt":{"rendered":"<p>O jornal &quot;Folha de S.Paulo&quot; equivocou-se numa entrevista com o presidente do Equador, Rafael Correa. Ao transcrever um di&aacute;logo com o presidente, informou erroneamente que Correa dizia que a Col&ocirc;mbia &eacute; um &ldquo;governo que n&atilde;o consider&aacute;vamos amigos&rdquo;, em resposta a uma pergunta sobre o abalo nas rela&ccedil;&otilde;es entre os dois pa&iacute;ses desde que, em mar&ccedil;o, &hellip; <a href=\"https:\/\/obscom.intervozes.org.br\/?p=21919\" class=\"more-link\">Continue lendo <span class=\"screen-reader-text\">Folha erra e tensiona rela\u00e7\u00f5es entre Equador e Col\u00f4mbia<\/span> <span class=\"meta-nav\">&rarr;<\/span><\/a><\/p>\n","protected":false},"author":1,"featured_media":0,"comment_status":"open","ping_status":"open","sticky":false,"template":"","format":"standard","meta":{"footnotes":""},"categories":[40],"tags":[271],"_links":{"self":[{"href":"https:\/\/obscom.intervozes.org.br\/index.php?rest_route=\/wp\/v2\/posts\/21919"}],"collection":[{"href":"https:\/\/obscom.intervozes.org.br\/index.php?rest_route=\/wp\/v2\/posts"}],"about":[{"href":"https:\/\/obscom.intervozes.org.br\/index.php?rest_route=\/wp\/v2\/types\/post"}],"author":[{"embeddable":true,"href":"https:\/\/obscom.intervozes.org.br\/index.php?rest_route=\/wp\/v2\/users\/1"}],"replies":[{"embeddable":true,"href":"https:\/\/obscom.intervozes.org.br\/index.php?rest_route=%2Fwp%2Fv2%2Fcomments&post=21919"}],"version-history":[{"count":0,"href":"https:\/\/obscom.intervozes.org.br\/index.php?rest_route=\/wp\/v2\/posts\/21919\/revisions"}],"wp:attachment":[{"href":"https:\/\/obscom.intervozes.org.br\/index.php?rest_route=%2Fwp%2Fv2%2Fmedia&parent=21919"}],"wp:term":[{"taxonomy":"category","embeddable":true,"href":"https:\/\/obscom.intervozes.org.br\/index.php?rest_route=%2Fwp%2Fv2%2Fcategories&post=21919"},{"taxonomy":"post_tag","embeddable":true,"href":"https:\/\/obscom.intervozes.org.br\/index.php?rest_route=%2Fwp%2Fv2%2Ftags&post=21919"}],"curies":[{"name":"wp","href":"https:\/\/api.w.org\/{rel}","templated":true}]}}