{"id":21913,"date":"2008-10-06T13:36:31","date_gmt":"2008-10-06T13:36:31","guid":{"rendered":"https:\/\/obscom.intervozes.org.br\/wordpress\/?p=21913"},"modified":"2008-10-06T13:36:31","modified_gmt":"2008-10-06T13:36:31","slug":"revisao-do-marco-regulatorio-expoe-modelo-de-gestao-da-anatel","status":"publish","type":"post","link":"https:\/\/obscom.intervozes.org.br\/?p=21913","title":{"rendered":"Revis\u00e3o do marco regulat\u00f3rio exp\u00f5e modelo de gest\u00e3o da Anatel"},"content":{"rendered":"<p>   \t \t \t \t \t<!-- \t\t@page { margin: 2cm } \t\tP { margin-bottom: 0.21cm } \t--> \t  <\/p>\n<p style=\"margin-bottom: 0cm\" class=\"western padrao\">Em evento realizado pela Associa&ccedil;&atilde;o Brasileira das Prestadoras de Servi&ccedil;os de Telecomunica&ccedil;&otilde;es Competitivas (Telcomp), em parceria com a Escola de Direito da Funda&ccedil;&atilde;o Get&uacute;lio Vargas (FGV), na &uacute;ltima ter&ccedil;a-feira (30\/9), advogados, professores, conselheiro da Ag&ecirc;ncia Nacional de Telecomunica&ccedil;&otilde;es (Anatel) e Sub-procurador Geral da Rep&uacute;blica debateram sobre os desafios impostos &agrave; Anatel para garantir a competi&ccedil;&atilde;o em um mercado repleto de press&otilde;es pol&iacute;ticas e de empresas com grande poder p&uacute;blico.<\/p>\n<p>Ao anunciar que a divulga&ccedil;&atilde;o do novo Plano Geral de Outorgas (PGO) acontecer&aacute; num prazo de 15 a 20 dias, Pl&iacute;nio de Aguiar J&uacute;nior, conselheiro da Anatel, frisou que a regulamenta&ccedil;&atilde;o do setor ainda trata t&atilde;o somente do presente quando, na pr&aacute;tica, deveria cuidar tamb&eacute;m do futuro. &quot;&Eacute; preciso haver vis&otilde;es prospectivas. N&atilde;o houve essa vis&atilde;o quando as operadoras foram reguladas, dez anos atr&aacute;s. Da&iacute; a limita&ccedil;&atilde;o atual da regulamenta&ccedil;&atilde;o&quot;, criticou Aguiar, que j&aacute; respondeu pela presid&ecirc;ncia da ag&ecirc;ncia.<\/p>\n<p>Segundo ainda o conselheiro da Anatel, hoje, h&aacute; mais de 40 milh&otilde;es de telefones fixos instalados em resid&ecirc;ncias e, em fun&ccedil;&atilde;o disso, &eacute; poss&iacute;vel e necess&aacute;rio levar a banda larga a todos esses cidad&atilde;os. &ldquo;Para isso, no entanto, as pol&iacute;ticas p&uacute;blicas precisam ser mais atualizadas e a regula&ccedil;&atilde;o tem de se adequar rapidamente &agrave; nova situa&ccedil;&atilde;o&quot;, pontuou Aguiar.<\/p>\n<p>Sem esconder sua posi&ccedil;&atilde;o favor&aacute;vel &agrave; separa&ccedil;&atilde;o funcional &#8211; banda larga de telefonia fixa &#8211; o conselheiro da Anatel alertou que mais de 90% da telefonia fixa &eacute; fornecida pelas concession&aacute;rias. Isso significa que ela det&ecirc;m a melhor infra-estrutura de &quot;primeira milha&quot;, ou seja, aquela que seja na casa do assinante, para dominar, tamb&eacute;m, o mercado de banda larga. &ldquo;A separa&ccedil;&atilde;o funcional &eacute; um instrumento que pode diminuir as chances de dom&iacute;nio do mercado de banda larga pelas incumbents&rdquo;, afirma Aguiar.<\/p>\n<p>&quot;A portabilidade num&eacute;rica e a modelagem de custos s&atilde;o outras iniciativas para estimular a competi&ccedil;&atilde;o no setor&quot;, disse, acrescentando que j&aacute; h&aacute; em andamento na Anatel, a elabora&ccedil;&atilde;o de um plano geral de metas de competi&ccedil;&atilde;o. &quot;No caso das tecnologias emergentes &eacute; preciso regular com cautela para n&atilde;o impedir a inova&ccedil;&atilde;o&quot;, ponderou.<\/p>\n<p>O posicionamento do conselheiro da Anatel foi rebatido pelo sub-procurador geral da Rep&uacute;blica, Aur&eacute;lio Virg&iacute;lio Veiga Rios. Para ele, &quot;antes mesmo de arrumar o terreno na telefonia fixa, a Anatel j&aacute; debate a m&oacute;vel. Era &oacute;bvio que seria necess&aacute;rio mudar o modelo atual&quot;, disparou. &quot;Quando se fala em competi&ccedil;&atilde;o, se fala em qualidade. E isso precisa estar no novo PGO. N&atilde;o se trata apenas de competidores. O usu&aacute;rio deve ser o foco das decis&otilde;es&quot;, completou.<\/p>\n<p>Mas Rios elogiou a recente decis&atilde;o da Anatel em aprovar a portabilidade num&eacute;rica. &quot;&Eacute; o primeiro passo para a concorr&ecirc;ncia de fato, e a Anatel tomou a decis&atilde;o independente de interesses de empresas do setor&quot;, sublinhou o sub-procurador. Ele aproveitou a ocasi&atilde;o para destacar que o processo de fus&atilde;o entre a BrT e a Oi ainda n&atilde;o &eacute; fato consumado.<\/p>\n<p>&quot;Se a Anatel entender que n&atilde;o h&aacute; condi&ccedil;&otilde;es para a fus&atilde;o, ela n&atilde;o ser&aacute; completada&quot;, reportou. Ele lembrou que a constitui&ccedil;&atilde;o de 1988 j&aacute; vetava a participa&ccedil;&atilde;o do capital estrangeiro em empresas nacionais. &quot;Ela foi alterada com a desculpa da privatiza&ccedil;&atilde;o. Agora h&aacute; quem queira o modelo sob a justificativa que vivemos um novo cen&aacute;rio&quot;, observou, dizendo esperar que o Plano Geral de atualiza&ccedil;&atilde;o da Regulamenta&ccedil;&atilde;o do setor (PGR) n&atilde;o seja afetado pelos mesmos erros e v&iacute;cios do Sistema de Telefonia Fixa Comutada (STFC) &#8211; que, segundo o sub-procurador, n&atilde;o &eacute; coisa do passado.<\/p>\n<p><strong>Choque de transpar&ecirc;ncia<\/strong><\/p>\n<p>&quot;O PGR poderia tamb&eacute;m ser utilizado para estabelecer melhor o papel do &oacute;rg&atilde;o regulador&quot;, acrescentou Paulo Brancher, advogado do escrit&oacute;rio Barreto Ferreira, Kujawski, Brancher e Gon&ccedil;alves e professor da PUC-SP. Isso porque, segundo ele, acaba sobrando para a Anatel regular quest&otilde;es que n&atilde;o t&ecirc;m haver com telecomunica&ccedil;&otilde;es, como, por exemplo, o provimento de conte&uacute;do. Al&eacute;m disso, Brancher sugeriu que &eacute; necess&aacute;rio reduzir as barreiras de entrada das teles no mercado. &quot;Valorizar a inova&ccedil;&atilde;o e converg&ecirc;ncia tecnol&oacute;gica e diminuir barreiras de entrada s&atilde;o meios de garantir a concorr&ecirc;ncia no setor&quot;, garante Brancher.<\/p>\n<p>O professor sugere ainda que a Anatel pode obter resultados muito mais eficientes a partir da solu&ccedil;&atilde;o de problemas do que da cria&ccedil;&atilde;o de regras para resolver essas pend&ecirc;ncias. &quot;Muitas vezes se deixa de lado a solu&ccedil;&atilde;o de um problema para criar novas regras&quot;, exemplifica.<\/p>\n<p>Pedro Dutra, advogado do escrit&oacute;rio que leva o seu nome, brincou dizendo que o Brasil possui um fetiche por regras. &quot;Gosta de criar regras para n&atilde;o precisar solucionar problemas&quot;, afirmou. O advogado enfatizou que a Anatel tem um problema na sua origem. &quot;O erro da Anatel est&aacute; em sua origem, quando Renato Guerreiro a estabeleceu como um &oacute;rg&atilde;o repressor&rdquo;, disparou.<\/p>\n<p>Em sua opini&atilde;o, a Anatel precisa se revitalizar em um prazo curto e que isso n&atilde;o demanda contrata&ccedil;&atilde;o de consultorias ou grandes projetos de reestrutura&ccedil;&atilde;o. &quot;Basta a pr&oacute;pria ag&ecirc;ncia tomar decis&otilde;es administrativas que lhe permita agir de forma mais ativa&quot;, sugeriu. Citando o exemplo da atual crise econ&ocirc;mica vivida pelos Estados Unidos, Dutra diz que a Anatel precisa se aproximar da sociedade. Caso contr&aacute;rio, a exemplo do que ocorreu nos EUA, ningu&eacute;m sequer saber&aacute; a origem do problema e, muito menos, at&eacute; onde ele pode chegar. O advogado foi al&eacute;m: a Anatel precisa de um &quot;fort&iacute;ssimo choque de exibi&ccedil;&atilde;o&quot;.<\/p>\n<p>Ou seja precisa ser mais transparente, divulgando dados de mercado, fundamentais para o julgamento da sociedade, precisa dedicar mais tempo para as decis&otilde;es &ndash; n&atilde;o pode estar sempre pressionada por r&aacute;pidas decis&otilde;es &ndash; e divulgar agenda de seus conselheiros. Estas seriam, conforme sua opini&atilde;o, formas de trazer a sociedade para o lado da Anatel. &quot;A sociedade enxerga a Anatel como um &oacute;rg&atilde;o de sua defesa. Ela est&aacute; no rumo certo, precisa apenas cuidar para n&atilde;o aceitar press&otilde;es p&uacute;blicas&quot;, concordou o sub-procurador Rios.<\/p>\n","protected":false},"excerpt":{"rendered":"<p>Em evento realizado pela Associa&ccedil;&atilde;o Brasileira das Prestadoras de Servi&ccedil;os de Telecomunica&ccedil;&otilde;es Competitivas (Telcomp), em parceria com a Escola de Direito da Funda&ccedil;&atilde;o Get&uacute;lio Vargas (FGV), na &uacute;ltima ter&ccedil;a-feira (30\/9), advogados, professores, conselheiro da Ag&ecirc;ncia Nacional de Telecomunica&ccedil;&otilde;es (Anatel) e Sub-procurador Geral da Rep&uacute;blica debateram sobre os desafios impostos &agrave; Anatel para garantir a competi&ccedil;&atilde;o &hellip; <a href=\"https:\/\/obscom.intervozes.org.br\/?p=21913\" class=\"more-link\">Continue lendo <span class=\"screen-reader-text\">Revis\u00e3o do marco regulat\u00f3rio exp\u00f5e modelo de gest\u00e3o da Anatel<\/span> <span class=\"meta-nav\">&rarr;<\/span><\/a><\/p>\n","protected":false},"author":1,"featured_media":0,"comment_status":"open","ping_status":"open","sticky":false,"template":"","format":"standard","meta":{"footnotes":""},"categories":[40],"tags":[876],"_links":{"self":[{"href":"https:\/\/obscom.intervozes.org.br\/index.php?rest_route=\/wp\/v2\/posts\/21913"}],"collection":[{"href":"https:\/\/obscom.intervozes.org.br\/index.php?rest_route=\/wp\/v2\/posts"}],"about":[{"href":"https:\/\/obscom.intervozes.org.br\/index.php?rest_route=\/wp\/v2\/types\/post"}],"author":[{"embeddable":true,"href":"https:\/\/obscom.intervozes.org.br\/index.php?rest_route=\/wp\/v2\/users\/1"}],"replies":[{"embeddable":true,"href":"https:\/\/obscom.intervozes.org.br\/index.php?rest_route=%2Fwp%2Fv2%2Fcomments&post=21913"}],"version-history":[{"count":0,"href":"https:\/\/obscom.intervozes.org.br\/index.php?rest_route=\/wp\/v2\/posts\/21913\/revisions"}],"wp:attachment":[{"href":"https:\/\/obscom.intervozes.org.br\/index.php?rest_route=%2Fwp%2Fv2%2Fmedia&parent=21913"}],"wp:term":[{"taxonomy":"category","embeddable":true,"href":"https:\/\/obscom.intervozes.org.br\/index.php?rest_route=%2Fwp%2Fv2%2Fcategories&post=21913"},{"taxonomy":"post_tag","embeddable":true,"href":"https:\/\/obscom.intervozes.org.br\/index.php?rest_route=%2Fwp%2Fv2%2Ftags&post=21913"}],"curies":[{"name":"wp","href":"https:\/\/api.w.org\/{rel}","templated":true}]}}