{"id":21912,"date":"2008-10-06T13:23:43","date_gmt":"2008-10-06T13:23:43","guid":{"rendered":"https:\/\/obscom.intervozes.org.br\/wordpress\/?p=21912"},"modified":"2008-10-06T13:23:43","modified_gmt":"2008-10-06T13:23:43","slug":"empresas-de-tv-paga-fazem-restricoes-a-mudanca-do-pgo","status":"publish","type":"post","link":"https:\/\/obscom.intervozes.org.br\/?p=21912","title":{"rendered":"Empresas de TV paga fazem restri\u00e7\u00f5es \u00e0 mudan\u00e7a do PGO"},"content":{"rendered":"<p>   \t \t \t \t \t<!-- \t\t@page { margin: 2cm } \t\tP { margin-bottom: 0.21cm } \t-->   <\/p>\n<p class=\"western\"><span class=\"padrao\">A revis&atilde;o do Plano Geral de Outorgas (PGO) at&eacute; pode ser necess&aacute;ria em raz&atilde;o da atual discuss&atilde;o do marco regulat&oacute;rio, por&eacute;m devem ser implementadas pol&iacute;ticas p&uacute;blicas pr&oacute;-competitivas em conjunto, se n&atilde;o previamente, para evitar distor&ccedil;&otilde;es concorrenciais no mercado. Esta &eacute;, basicamente, a posi&ccedil;&atilde;o dos representantes do setor de TV por assinatura, reafirmada na reuni&atilde;o de hoje do Conselho Consultivo da Ag&ecirc;ncia Nacional de Telecomunica&ccedil;&otilde;es (Anatel).<\/p>\n<p>Entre as medidas concorrenciais, eles defendem a separa&ccedil;&atilde;o funcional das empresas, a desagrega&ccedil;&atilde;o de redes; o modelo de precifica&ccedil;&atilde;o tarif&aacute;ria da rede e portabilidade num&eacute;rica, &uacute;nica que come&ccedil;ou a ser implantada no pa&iacute;s. E defendem a proibi&ccedil;&atilde;o de subs&iacute;dios cruzados,num claro apoio &agrave; separa&ccedil;&atilde;o das empresas, tal como est&aacute; na proposta de revis&atilde;o do PGO em an&aacute;lise pelo Conselho Diretor da Anatel e medida j&aacute; reprovada pela procuradoria do &oacute;rg&atilde;o.<\/p>\n<p>A preocupa&ccedil;&atilde;o das operadoras de TV por assinatura &eacute; de que, com a prov&aacute;vel entrada das teles no mercado, a competi&ccedil;&atilde;o seja desequilibrada. Temem que os recursos obtidos na telefonia fixa acabem subsidiando servi&ccedil;os de banda larga e de TV paga das teles, sufocando as atuais empresas do mercado.<\/p>\n<p>Para Walter Ceneviva, da Band, a mudan&ccedil;a do PGO deveria focar o que estabelece a lei, que &eacute; a dissemina&ccedil;&atilde;o dos servi&ccedil;os de telefonia (universaliza&ccedil;&atilde;o), a redu&ccedil;&atilde;o dos pre&ccedil;os (modicidade tarif&aacute;ria) e a competi&ccedil;&atilde;o. &quot;Alterar a norma para atender interesses espec&iacute;ficos n&atilde;o me parece legal&quot;, disse. Ele defendeu um maior debate sobre banda larga p&uacute;blica e privada, que considera uma decis&atilde;o estrat&eacute;gica do pa&iacute;s. E reivindicou que todas as redes existentes no pa&iacute;s sejam disponibilizadas, e n&atilde;o apenas as de telefonia local, como est&aacute; previsto na proposta do PGO, nos artigos 2 e 8.<\/p>\n<p><strong>Banda larga &eacute; o nome do jogo<\/p>\n<p><\/strong>A representante da Sky, Roberta Westin, defendeu o estabelecimento de restri&ccedil;&otilde;es mais r&iacute;gidas &agrave; concentra&ccedil;&atilde;o de redes sobrepostas, ou seja, proibir a aquisi&ccedil;&atilde;o de redes de cabo por concession&aacute;rias de Servi&ccedil;o de Telefonia Fixo Comutado (STFC). O representante da Net, Jos&eacute; Ant&ocirc;nio F&eacute;lix, ressaltou que o STFC &eacute; o &uacute;nico servi&ccedil;o monopolizado no Brasil, por isso defende o estabelecimento de condi&ccedil;&otilde;es &agrave; fus&atilde;o da Oi com a Brasil Telecom, para n&atilde;o piorar a concentra&ccedil;&atilde;o desse mercado.<\/p>\n<p>O presidente da Associa&ccedil;&atilde;o Brasileira de TV por Assinatura (ABTA), Alexandre Annenberg, teme a concentra&ccedil;&atilde;o de mercado na telefonia fixa, alegando que quem tem concess&atilde;o de voz, oferece servi&ccedil;os combinados de forma imbat&iacute;vel. Para ele, os servi&ccedil;os de voz e de TV por assinatura n&atilde;o t&ecirc;m a import&acirc;ncia do servi&ccedil;o de conex&atilde;o &agrave; internet. &quot;Banda larga &eacute; o nome do jogo&quot;, disse.<\/p>\n<p>J&aacute; diretora-geral da TVA, Leila Loira, disse que a flexibiliza&ccedil;&atilde;o regulat&oacute;ria &eacute; ben&eacute;fica ao mercado e acha que a separa&ccedil;&atilde;o entre servi&ccedil;o e infra-estrutura &eacute; uma tend&ecirc;ncia inexor&aacute;vel. &quot;Os avan&ccedil;os da internet e da mobilidade do celular t&ecirc;m nos mostrado isso&quot;, disse. Leila acha que banda larga pode ser o nome do jogo, mas para acessar conte&uacute;do que, na sua opini&atilde;o, &eacute; um debate deixado de lado.<\/p>\n<p>Ela aproveitou sua apresenta&ccedil;&atilde;o para atacar a principal concorrente, a Net, que, de acordo com os n&uacute;meros apresentados, det&eacute;m 78% do mercado de TV a cabo. Ela defendeu a licita&ccedil;&atilde;o pela Anatel de novas licen&ccedil;as de cabo a curto prazo, evitando que aumente mais a concentra&ccedil;&atilde;o nesse mercado.<\/p>\n<p>O coordenador do  Comit&ecirc; Gestor da Internet no Brasil (CGI.br) e secret&aacute;rio de Pol&iacute;tica de Inform&aacute;tica do Minist&eacute;rio da Ci&ecirc;ncia e Tecnologia, Augusto Cezar Gadelha, reafirmou a posi&ccedil;&atilde;o do &oacute;rg&atilde;o em favor da separa&ccedil;&atilde;o estrutural ou funcional das empresas, tal como indicou na carta enviada ao Minist&eacute;rio das Comunica&ccedil;&otilde;es e &agrave; Anatel. Gadelha disse que a separa&ccedil;&atilde;o das empresas pode resultar na redu&ccedil;&atilde;o dos custos de acesso &agrave; internet.<\/p>\n<p><strong>Novos debates<\/p>\n<p><\/strong>O Conselho Consultivo decidiu ampliar os debates sobre a revis&atilde;o do PGO. Nos pr&oacute;ximos encontros ser&atilde;o ouvidos os representantes das empresas e entidades de telefonia m&oacute;vel, no dia 17, e os representantes da academia, do Congresso Nacional e da sociedade civil, no dia 24.<\/p>\n<p>O conselho ter&aacute; que opinar sobre a proposta de revis&atilde;o do PGO, a ser aprovada pelo conselho diretor da Anatel. Por isso, seus integrantes defendem a amplia&ccedil;&atilde;o dos debates.<\/span><\/p>\n","protected":false},"excerpt":{"rendered":"<p>A revis&atilde;o do Plano Geral de Outorgas (PGO) at&eacute; pode ser necess&aacute;ria em raz&atilde;o da atual discuss&atilde;o do marco regulat&oacute;rio, por&eacute;m devem ser implementadas pol&iacute;ticas p&uacute;blicas pr&oacute;-competitivas em conjunto, se n&atilde;o previamente, para evitar distor&ccedil;&otilde;es concorrenciais no mercado. Esta &eacute;, basicamente, a posi&ccedil;&atilde;o dos representantes do setor de TV por assinatura, reafirmada na reuni&atilde;o de &hellip; <a href=\"https:\/\/obscom.intervozes.org.br\/?p=21912\" class=\"more-link\">Continue lendo <span class=\"screen-reader-text\">Empresas de TV paga fazem restri\u00e7\u00f5es \u00e0 mudan\u00e7a do PGO<\/span> <span class=\"meta-nav\">&rarr;<\/span><\/a><\/p>\n","protected":false},"author":1,"featured_media":0,"comment_status":"open","ping_status":"open","sticky":false,"template":"","format":"standard","meta":{"footnotes":""},"categories":[40],"tags":[366],"_links":{"self":[{"href":"https:\/\/obscom.intervozes.org.br\/index.php?rest_route=\/wp\/v2\/posts\/21912"}],"collection":[{"href":"https:\/\/obscom.intervozes.org.br\/index.php?rest_route=\/wp\/v2\/posts"}],"about":[{"href":"https:\/\/obscom.intervozes.org.br\/index.php?rest_route=\/wp\/v2\/types\/post"}],"author":[{"embeddable":true,"href":"https:\/\/obscom.intervozes.org.br\/index.php?rest_route=\/wp\/v2\/users\/1"}],"replies":[{"embeddable":true,"href":"https:\/\/obscom.intervozes.org.br\/index.php?rest_route=%2Fwp%2Fv2%2Fcomments&post=21912"}],"version-history":[{"count":0,"href":"https:\/\/obscom.intervozes.org.br\/index.php?rest_route=\/wp\/v2\/posts\/21912\/revisions"}],"wp:attachment":[{"href":"https:\/\/obscom.intervozes.org.br\/index.php?rest_route=%2Fwp%2Fv2%2Fmedia&parent=21912"}],"wp:term":[{"taxonomy":"category","embeddable":true,"href":"https:\/\/obscom.intervozes.org.br\/index.php?rest_route=%2Fwp%2Fv2%2Fcategories&post=21912"},{"taxonomy":"post_tag","embeddable":true,"href":"https:\/\/obscom.intervozes.org.br\/index.php?rest_route=%2Fwp%2Fv2%2Ftags&post=21912"}],"curies":[{"name":"wp","href":"https:\/\/api.w.org\/{rel}","templated":true}]}}