{"id":21904,"date":"2008-10-03T15:32:52","date_gmt":"2008-10-03T15:32:52","guid":{"rendered":"https:\/\/obscom.intervozes.org.br\/wordpress\/?p=21904"},"modified":"2008-10-03T15:32:52","modified_gmt":"2008-10-03T15:32:52","slug":"operadoras-mantem-cobranca-de-ponto-extra-no-aguardo-da-justica","status":"publish","type":"post","link":"https:\/\/obscom.intervozes.org.br\/?p=21904","title":{"rendered":"Operadoras mant\u00eam cobran\u00e7a de ponto-extra no aguardo da Justi\u00e7a"},"content":{"rendered":"<p>   \t \t \t \t \t<!-- \t\t@page { margin: 2cm } \t\tP { margin-bottom: 0.21cm } \t--> \t  <\/p>\n<p style=\"margin-bottom: 0cm\" class=\"western padrao\">As operadoras de TV por assinatura do Brasil pretendem continuar a cobrar pelo ponto-extra na casa do cliente, amparadas pela liminar obtida em junho, enquanto esperam que o assunto seja analisado pela Justi&ccedil;a, onde ingressaram com processo.<\/p>\n<p>Conforme divulgada nesta quarta-feira, o conselho da Anatel decidiu prorrogar a suspens&atilde;o dos artigos que tratam do ponto-extra na regulamenta&ccedil;&atilde;o do setor por mais um m&ecirc;s. Na pr&aacute;tica, fica a crit&eacute;rio da operadora cobrar ou n&atilde;o enquanto a ag&ecirc;ncia n&atilde;o se decide.<\/p>\n<p>O diretor-executivo da Associa&ccedil;&atilde;o Brasileira das Empresas de TV por Assinatura (ABTA), Alexandre Annenberg, explicou que &quot;para n&oacute;s, n&atilde;o muda nada&quot;, j&aacute; que a liminar obtida na Justi&ccedil;a permite a cobran&ccedil;a at&eacute; que a Anatel tome uma decis&atilde;o.<\/p>\n<p>Ele explicou que a entidade j&aacute; demonstrou &agrave; Anatel que &quot;o ponto-extra tem custos que n&atilde;o t&ecirc;m nada a ver com a instala&ccedil;&atilde;o ou o aluguel do decodificador&quot;.<\/p>\n<p>Segundo ele, &quot;cada ponto &eacute; uma porta de entrada na rede que tem de ser monitorado 24 horas por dia&quot; e, por isso, envolve custos que n&atilde;o podem ser pagos uma &uacute;nica vez pelo assinante, como a Anatel chegou a cogitar.<\/p>\n<p>&quot;Consumidor nunca se queixou&quot;<\/p>\n<p>De acordo com o diretor da ABTA, &quot;nenhum cliente jamais se queixou&quot; da cobran&ccedil;a do ponto-extra em todos esses anos. Al&eacute;m disso, salientou, essa pr&aacute;tica n&atilde;o acontece s&oacute; no Brasil. &quot;No mundo inteiro &eacute; assim.&quot;<\/p>\n<p>Ele teme que, se a ag&ecirc;ncia reguladora insistir no fim da cobran&ccedil;a, duas alternativas sejam adotadas pelas operadoras, &quot;todas contr&aacute;rias ao interesse do consumidor&quot;.<\/p>\n<p>Uma delas seria a interrup&ccedil;&atilde;o das vendas de ponto-extra, op&ccedil;&atilde;o j&aacute; aventada, inclusive, pelo presidente da NET, maior empresa de TV paga do pa&iacute;s. <\/p>\n<p>A outra seria elevar os pre&ccedil;os do ponto principal, o que afetaria todos os assinantes. &quot;Isso afeta principalmente os clientes de menor poder aquisitivo, que s&oacute; t&ecirc;m um ponto na casa&quot;, disse Annenberg.<\/p>\n<p>Ele citou que h&aacute; clientes no Brasil que t&ecirc;m at&eacute; 17 pontos-extras na casa e que a cobran&ccedil;a por esse servi&ccedil;o nunca foi questionada.<\/p>\n<p>A m&eacute;dia &eacute; de 1,5 ponto por cliente, segundo Annenberg, o equivalente a dizer que 50 por cento do total de assinantes t&ecirc;m ponto-extra em casa.<\/p>\n<p><em>Fonte: Reuters<\/em><\/p>\n","protected":false},"excerpt":{"rendered":"<p>As operadoras de TV por assinatura do Brasil pretendem continuar a cobrar pelo ponto-extra na casa do cliente, amparadas pela liminar obtida em junho, enquanto esperam que o assunto seja analisado pela Justi&ccedil;a, onde ingressaram com processo. Conforme divulgada nesta quarta-feira, o conselho da Anatel decidiu prorrogar a suspens&atilde;o dos artigos que tratam do ponto-extra &hellip; <a href=\"https:\/\/obscom.intervozes.org.br\/?p=21904\" class=\"more-link\">Continue lendo <span class=\"screen-reader-text\">Operadoras mant\u00eam cobran\u00e7a de ponto-extra no aguardo da Justi\u00e7a<\/span> <span class=\"meta-nav\">&rarr;<\/span><\/a><\/p>\n","protected":false},"author":1,"featured_media":0,"comment_status":"open","ping_status":"open","sticky":false,"template":"","format":"standard","meta":{"footnotes":""},"categories":[40],"tags":[437],"_links":{"self":[{"href":"https:\/\/obscom.intervozes.org.br\/index.php?rest_route=\/wp\/v2\/posts\/21904"}],"collection":[{"href":"https:\/\/obscom.intervozes.org.br\/index.php?rest_route=\/wp\/v2\/posts"}],"about":[{"href":"https:\/\/obscom.intervozes.org.br\/index.php?rest_route=\/wp\/v2\/types\/post"}],"author":[{"embeddable":true,"href":"https:\/\/obscom.intervozes.org.br\/index.php?rest_route=\/wp\/v2\/users\/1"}],"replies":[{"embeddable":true,"href":"https:\/\/obscom.intervozes.org.br\/index.php?rest_route=%2Fwp%2Fv2%2Fcomments&post=21904"}],"version-history":[{"count":0,"href":"https:\/\/obscom.intervozes.org.br\/index.php?rest_route=\/wp\/v2\/posts\/21904\/revisions"}],"wp:attachment":[{"href":"https:\/\/obscom.intervozes.org.br\/index.php?rest_route=%2Fwp%2Fv2%2Fmedia&parent=21904"}],"wp:term":[{"taxonomy":"category","embeddable":true,"href":"https:\/\/obscom.intervozes.org.br\/index.php?rest_route=%2Fwp%2Fv2%2Fcategories&post=21904"},{"taxonomy":"post_tag","embeddable":true,"href":"https:\/\/obscom.intervozes.org.br\/index.php?rest_route=%2Fwp%2Fv2%2Ftags&post=21904"}],"curies":[{"name":"wp","href":"https:\/\/api.w.org\/{rel}","templated":true}]}}