{"id":21902,"date":"2008-10-03T15:29:28","date_gmt":"2008-10-03T15:29:28","guid":{"rendered":"https:\/\/obscom.intervozes.org.br\/wordpress\/?p=21902"},"modified":"2008-10-03T15:29:28","modified_gmt":"2008-10-03T15:29:28","slug":"governo-decide-o-que-fazer-com-licencas-de-tvas-depois-da-eleicao","status":"publish","type":"post","link":"https:\/\/obscom.intervozes.org.br\/?p=21902","title":{"rendered":"Governo decide o que fazer com licen\u00e7as de TVAs depois da elei\u00e7\u00e3o"},"content":{"rendered":"<p><span class=\"padrao\"><u><strong>Reproduzido da coluna Outro Canal, da Folha de S. Paulo<\/strong><\/u><\/p>\n<p>O governo federal deve anunciar ap&oacute;s as elei&ccedil;&otilde;es municipais uma solu&ccedil;&atilde;o para os chamados canais TVA, outorgados h&aacute; quase 20 anos para explora&ccedil;&atilde;o de TV paga via canais de UHF.<\/p>\n<p>Ao todo, s&atilde;o 25 canais, em cidades importantes como S&atilde;o Paulo (4), Rio (5) e Belo Horizonte (5), que possibilitariam a cria&ccedil;&atilde;o de duas redes nacionais, segundo estimativas.<\/p>\n<p>Pouqu&iacute;ssimos desses canais s&atilde;o usados para os fins originais. Atualmente, o governo permite que eles irradiem at&eacute; 11 horas de programa&ccedil;&atilde;o aberta.<\/p>\n<p>As licen&ccedil;as desses canais venceram em 2006 e 2007. Os pedidos de renova&ccedil;&atilde;o est&atilde;o sob an&aacute;lise do governo. H&aacute; v&aacute;rias possibilidades de desfecho.<\/p>\n<p>A mais prov&aacute;vel, defendida pelo ministro H&eacute;lio Costa (Comunica&ccedil;&otilde;es), &eacute; a renova&ccedil;&atilde;o dessas licen&ccedil;as para as empresas que as det&ecirc;m, como Globo (canal 19 em S&atilde;o Paulo), Abril e Band, e a libera&ccedil;&atilde;o para transmiss&atilde;o aberta em alta defini&ccedil;&atilde;o (ou em v&aacute;rios canais digitais). Essa hip&oacute;tese permitiria pelo menos uma nova rede aberta, da Abril, com canais em SP, Rio, Belo Horizonte, Curitiba e Porto Alegre. &Eacute; a solu&ccedil;&atilde;o dos sonhos de igrejas evang&eacute;licas.<\/p>\n<p>Outra hip&oacute;tese seria a &quot;cassa&ccedil;&atilde;o&quot; desses canais. Setores do governo defendem que essas freq&uuml;&ecirc;ncias sejam usadas por canais p&uacute;blicos. Isso resolveria o problema da rec&eacute;m-criada TV Brasil, cujo canal anal&oacute;gico em SP, o 69, n&atilde;o pode operar porque causa interfer&ecirc;ncias.<\/span><\/p>\n","protected":false},"excerpt":{"rendered":"<p>Reproduzido da coluna Outro Canal, da Folha de S. Paulo O governo federal deve anunciar ap&oacute;s as elei&ccedil;&otilde;es municipais uma solu&ccedil;&atilde;o para os chamados canais TVA, outorgados h&aacute; quase 20 anos para explora&ccedil;&atilde;o de TV paga via canais de UHF. Ao todo, s&atilde;o 25 canais, em cidades importantes como S&atilde;o Paulo (4), Rio (5) e &hellip; <a href=\"https:\/\/obscom.intervozes.org.br\/?p=21902\" class=\"more-link\">Continue lendo <span class=\"screen-reader-text\">Governo decide o que fazer com licen\u00e7as de TVAs depois da elei\u00e7\u00e3o<\/span> <span class=\"meta-nav\">&rarr;<\/span><\/a><\/p>\n","protected":false},"author":1,"featured_media":0,"comment_status":"open","ping_status":"open","sticky":false,"template":"","format":"standard","meta":{"footnotes":""},"categories":[39],"tags":[],"_links":{"self":[{"href":"https:\/\/obscom.intervozes.org.br\/index.php?rest_route=\/wp\/v2\/posts\/21902"}],"collection":[{"href":"https:\/\/obscom.intervozes.org.br\/index.php?rest_route=\/wp\/v2\/posts"}],"about":[{"href":"https:\/\/obscom.intervozes.org.br\/index.php?rest_route=\/wp\/v2\/types\/post"}],"author":[{"embeddable":true,"href":"https:\/\/obscom.intervozes.org.br\/index.php?rest_route=\/wp\/v2\/users\/1"}],"replies":[{"embeddable":true,"href":"https:\/\/obscom.intervozes.org.br\/index.php?rest_route=%2Fwp%2Fv2%2Fcomments&post=21902"}],"version-history":[{"count":0,"href":"https:\/\/obscom.intervozes.org.br\/index.php?rest_route=\/wp\/v2\/posts\/21902\/revisions"}],"wp:attachment":[{"href":"https:\/\/obscom.intervozes.org.br\/index.php?rest_route=%2Fwp%2Fv2%2Fmedia&parent=21902"}],"wp:term":[{"taxonomy":"category","embeddable":true,"href":"https:\/\/obscom.intervozes.org.br\/index.php?rest_route=%2Fwp%2Fv2%2Fcategories&post=21902"},{"taxonomy":"post_tag","embeddable":true,"href":"https:\/\/obscom.intervozes.org.br\/index.php?rest_route=%2Fwp%2Fv2%2Ftags&post=21902"}],"curies":[{"name":"wp","href":"https:\/\/api.w.org\/{rel}","templated":true}]}}