{"id":21874,"date":"2008-09-30T11:49:43","date_gmt":"2008-09-30T11:49:43","guid":{"rendered":"https:\/\/obscom.intervozes.org.br\/wordpress\/?p=21874"},"modified":"2008-09-30T11:49:43","modified_gmt":"2008-09-30T11:49:43","slug":"funcionarios-da-ebc-iniciam-paralisacao-em-protesto-contra-exigencias-de-cobertura-multimidia","status":"publish","type":"post","link":"https:\/\/obscom.intervozes.org.br\/?p=21874","title":{"rendered":"Funcion\u00e1rios da EBC iniciam paralisa\u00e7\u00e3o em protesto contra exig\u00eancias de &#8216;cobertura multim\u00eddia&#8217;"},"content":{"rendered":"<p>   \t \t \t \t \t<!-- \t\t@page { margin: 2cm } \t\tP { margin-bottom: 0.21cm } \t--> \t    <\/p>\n<p style=\"margin-bottom: 0cm\" class=\"western padrao\">Os funcion&aacute;rios da sede em Bras&iacute;lia e da sucursal S&atilde;o Paulo da Ag&ecirc;ncia Brasil e da R&aacute;dio Nacional, ve&iacute;culos da Empresa Brasil de Comunica&ccedil;&atilde;o, paralisam a partir de hoje a chamada &ldquo;cobertura multim&iacute;dia&rdquo;, ou seja, a produ&ccedil;&atilde;o de mat&eacute;rias para internet, r&aacute;dio e eventualmente para a TV pelo mesmo profissional.<\/p>\n<p>Os trabalhadores demandam o estabelecimento de regras claras sobre quando e em que condi&ccedil;&otilde;es pode ser cobrada do funcion&aacute;rio a realiza&ccedil;&atilde;o de cobertura multim&iacute;dia. Reivindicam tamb&eacute;m a adequa&ccedil;&atilde;o dos sal&aacute;rios a um cen&aacute;rio de produ&ccedil;&atilde;o m&uacute;ltipla e, no caso das r&aacute;dios, a contrata&ccedil;&atilde;o de novos funcion&aacute;rios.<\/p>\n<p>A paralisa&ccedil;&atilde;o ser&aacute; por tempo indeterminado. Os trabalhadores seguir&atilde;o produzindo para os ve&iacute;culos nos quais est&atilde;o lotados.<\/p>\n<p>Na tarde de hoje (30), representantes dos trabalhadores da Ag&ecirc;ncia Brasil, da R&aacute;dio Nacional e da Comiss&atilde;o de Funcion&aacute;rios da EBC re&uacute;nem-se com a dire&ccedil;&atilde;o da estatal para discutir o assunto.<\/p>\n","protected":false},"excerpt":{"rendered":"<p>Os funcion&aacute;rios da sede em Bras&iacute;lia e da sucursal S&atilde;o Paulo da Ag&ecirc;ncia Brasil e da R&aacute;dio Nacional, ve&iacute;culos da Empresa Brasil de Comunica&ccedil;&atilde;o, paralisam a partir de hoje a chamada &ldquo;cobertura multim&iacute;dia&rdquo;, ou seja, a produ&ccedil;&atilde;o de mat&eacute;rias para internet, r&aacute;dio e eventualmente para a TV pelo mesmo profissional. Os trabalhadores demandam o estabelecimento &hellip; <a href=\"https:\/\/obscom.intervozes.org.br\/?p=21874\" class=\"more-link\">Continue lendo <span class=\"screen-reader-text\">Funcion\u00e1rios da EBC iniciam paralisa\u00e7\u00e3o em protesto contra exig\u00eancias de &#8216;cobertura multim\u00eddia&#8217;<\/span> <span class=\"meta-nav\">&rarr;<\/span><\/a><\/p>\n","protected":false},"author":1,"featured_media":0,"comment_status":"open","ping_status":"open","sticky":false,"template":"","format":"standard","meta":{"footnotes":""},"categories":[39],"tags":[],"_links":{"self":[{"href":"https:\/\/obscom.intervozes.org.br\/index.php?rest_route=\/wp\/v2\/posts\/21874"}],"collection":[{"href":"https:\/\/obscom.intervozes.org.br\/index.php?rest_route=\/wp\/v2\/posts"}],"about":[{"href":"https:\/\/obscom.intervozes.org.br\/index.php?rest_route=\/wp\/v2\/types\/post"}],"author":[{"embeddable":true,"href":"https:\/\/obscom.intervozes.org.br\/index.php?rest_route=\/wp\/v2\/users\/1"}],"replies":[{"embeddable":true,"href":"https:\/\/obscom.intervozes.org.br\/index.php?rest_route=%2Fwp%2Fv2%2Fcomments&post=21874"}],"version-history":[{"count":0,"href":"https:\/\/obscom.intervozes.org.br\/index.php?rest_route=\/wp\/v2\/posts\/21874\/revisions"}],"wp:attachment":[{"href":"https:\/\/obscom.intervozes.org.br\/index.php?rest_route=%2Fwp%2Fv2%2Fmedia&parent=21874"}],"wp:term":[{"taxonomy":"category","embeddable":true,"href":"https:\/\/obscom.intervozes.org.br\/index.php?rest_route=%2Fwp%2Fv2%2Fcategories&post=21874"},{"taxonomy":"post_tag","embeddable":true,"href":"https:\/\/obscom.intervozes.org.br\/index.php?rest_route=%2Fwp%2Fv2%2Ftags&post=21874"}],"curies":[{"name":"wp","href":"https:\/\/api.w.org\/{rel}","templated":true}]}}