{"id":21865,"date":"2008-09-29T12:07:22","date_gmt":"2008-09-29T12:07:22","guid":{"rendered":"https:\/\/obscom.intervozes.org.br\/wordpress\/?p=21865"},"modified":"2014-09-07T02:56:37","modified_gmt":"2014-09-07T02:56:37","slug":"abert-apresenta-em-outubro-testes-com-tecnologia-iboc","status":"publish","type":"post","link":"https:\/\/obscom.intervozes.org.br\/?p=21865","title":{"rendered":"Abert apresenta em outubro testes com tecnologia Iboc"},"content":{"rendered":"<p><span class=\"padrao\">Durante todo o primeiro semestre de 2007, representantes de radiodifusores e integrantes do governo, em especial o ministro das Comunica&ccedil;&otilde;es, H&eacute;lio Costa, uniram-se no coro em defesa da aprova&ccedil;&atilde;o da tecnologia estadunidense HD Radio\/Iboc como padr&atilde;o para o r&aacute;dio digital brasileiro. A promessa foi que at&eacute; setembro daquele ano o Executivo teria informa&ccedil;&otilde;es suficientes sobre o sistema para tomar uma decis&atilde;o.<\/p>\n<p>Quase um ano depois, a Associa&ccedil;&atilde;o Brasileira de Emissoras de R&aacute;dio e TV (Abert) promete entregar o resultado dos testes com a tecnologia norte-americana ao governo e &agrave; Ag&ecirc;ncia Nacional de Telecomunica&ccedil;&otilde;es (Anatel) at&eacute; o dia 15 de outubro. Segundo o presidente da entidade, Daniel Slaviero, faltam apenas alguns ajustes finais no relat&oacute;rio para que os radiodifusores comerciais possam apresentar uma avalia&ccedil;&atilde;o t&eacute;cnica sobre o padr&atilde;o que v&ecirc;m defendendo como ideal para ado&ccedil;&atilde;o no pa&iacute;s h&aacute; cerca de dois anos.<\/p>\n<p>&quot;O estudo ir&aacute; confirmar que o Iboc tem as melhores condi&ccedil;&otilde;es t&eacute;cnicas para o r&aacute;dio digital brasileiro&quot;, disse Slaviero em ato de divulga&ccedil;&atilde;o de pesquisa sobre o perfil s&oacute;cio-econ&ocirc;mico das r&aacute;dios brasileiras [<a href=\"http:\/\/localhost\/intervozes_direitoacomunicacao\/wordpress\/?p=21843\">saiba mais<\/a>]. &quot;At&eacute; porque &eacute; o &uacute;nico no mundo que atende as faixas de AM e FM&quot;, completou o diretor-geral da Abert, Flavio Cavalcanti J&uacute;nior.<\/p>\n<p>A expectativa da Abert &eacute; que, com a apresenta&ccedil;&atilde;o do resultado dos testes, o governo tome uma posi&ccedil;&atilde;o a respeito do modelo de r&aacute;dio digital at&eacute; o fim do ano. Por&eacute;m, para o professor Carlos Eduardo Esch, da Universidade de Bras&iacute;lia, a defini&ccedil;&atilde;o do modelo envolve muitas outra vari&aacute;veis. &quot;O Estado deve pensar na pol&iacute;tica industrial, para que n&atilde;o haja descompasso entre a escolha tecnol&oacute;gica e sua implanta&ccedil;&atilde;o junto &agrave; popula&ccedil;&atilde;o. Al&eacute;m disso, &eacute; preciso discutir uma pol&iacute;tica de forma&ccedil;&atilde;o para os t&eacute;cnicos e produtores de conte&uacute;do&quot;, ressalta.<\/p>\n<p>Durante as discuss&otilde;es do conselho consultivo montado no Minist&eacute;rio das Comunica&ccedil;&otilde;es para debater o modelo de r&aacute;dio digital, acad&ecirc;micos e representantes de entidades da sociedade civil apontaram a import&acirc;ncia de n&atilde;o restringir a escolha &agrave; ado&ccedil;&atilde;o do padr&atilde;o tecnol&oacute;gico em si, mas pens&aacute;-la em sua completude, envolvendo dos aspectos industriais &agrave; pol&iacute;tica de fomento &agrave; produ&ccedil;&atilde;o de conte&uacute;dos digitais. No entanto, as &uacute;ltimas declara&ccedil;&otilde;es do ministro das comunica&ccedil;&otilde;es, H&eacute;lio Costa, t&ecirc;m indicado a disposi&ccedil;&atilde;o do governo em ratificar a sugest&atilde;o dos radiodifusores.<\/p>\n<p><strong>Estudo pol&ecirc;mico<\/strong><\/p>\n<p>Os radiodifusores argumentam que apenas a tecnologia estadunidense consegue fazer a transi&ccedil;&atilde;o na mesma faixa e na mesma banda. Esta seria a melhor op&ccedil;&atilde;o para a migra&ccedil;&atilde;o do anal&oacute;gico ao digital no caso brasileiro porque permitiria &agrave;s emissoras manterem o seu n&uacute;mero no dial. Caso houvesse uma aloca&ccedil;&atilde;o das frequ&ecirc;ncias em digital em outra faixa do espectro, como ocorreu em v&aacute;rios pa&iacute;ses europeus, isso poderia, na avalia&ccedil;&atilde;o do setor, trazer preju&iacute;zos &agrave;s r&aacute;dios pois descaracterizaria as frequ&ecirc;ncias, ativo importante na fideliza&ccedil;&atilde;o da audi&ecirc;ncia.<\/p>\n<p>Por&eacute;m, o estudo que ser&aacute; apresentado pela Abert tem sido alvo de pol&ecirc;micas desde o seu in&iacute;cio. Primeiro, porque os testes est&atilde;o sendo realizados pelos atores diretamente interessados nos seus resultados, sem qualquer tipo de crit&eacute;rio definido publicamente ou mesmo acompanhamento dos &oacute;rg&atilde;os reguladores. A Anatel, que deveria regular a transi&ccedil;&atilde;o para o digital, sequer acompanha os testes [<a href=\"http:\/\/localhost\/intervozes_direitoacomunicacao\/wordpress\/?p=21480\">saiba mais<\/a>]. <\/p>\n<p>Em segundo lugar, a pr&oacute;pria entidade contratada pela associa&ccedil;&atilde;o dos radiodifusores para realizar o estudo contesta o seu resultado. Os pesquisadores do Instituto Mackenzie negam-se a assinar o relat&oacute;rio, pois, segundo eles, o texto est&aacute; sendo adaptado para dar conta das expectativas da Abert. Os pesquisadores afirmam que n&atilde;o recomendam o Iboc, especialmente porque n&atilde;o foram feitos testes comparativos com outras tecnologias [<a href=\"http:\/\/localhost\/intervozes_direitoacomunicacao\/wordpress\/?p=21864\">saiba mais<\/a> ].<\/p>\n<p><strong>Transi&ccedil;&atilde;o cara<\/strong><\/p>\n<p>Ainda assim, as grandes emissoras seguem defendendo o Iboc. A Abert afirma que a escolha do sistema Iboc (In Band On Channel, ou &quot;na mesma banda e na mesma frequ&ecirc;ncia&quot;) viabilizaria a conviv&ecirc;ncia durante um tempo maior entre as esta&ccedil;&otilde;es j&aacute; digitalizadas e aquelas que levar&atilde;o mais tempo para entrar no sinal digital. Esta preocupa&ccedil;&atilde;o &eacute; grande uma vez que um dos principais questionamentos de acad&ecirc;micos, entidades da sociedade civil, pesquisadores e inclusive de ve&iacute;culos do pr&oacute;prio setor comercial tem sido como as pequenas e m&eacute;dias r&aacute;dios comerciais e as emissoras educativas e comunit&aacute;rias conseguir&atilde;o arcar com o custo da transi&ccedil;&atilde;o.<\/p>\n<p>Mesmo as proje&ccedil;&otilde;es dos dirigentes da Abert apontam neste sentido: a transi&ccedil;&atilde;o deve atingir primeiro as esta&ccedil;&otilde;es AM e FM das grandes cidades. &quot;O problema do AM est&aacute; nas grandes cidades. Ali &eacute; que migra&ccedil;&atilde;o deve se dar&quot;, aponta Daniel Slaviero. &quot;A grande quest&atilde;o est&aacute; no AM, que vem perdendo competividade nos grandes centros em rela&ccedil;&atilde;o ao FM. J&aacute; nas regi&otilde;es m&eacute;dias e pequenas, a demanda ser&aacute; menor e a transi&ccedil;&atilde;o deve demorar muito mais tempo&quot;, prev&ecirc; Fl&aacute;vio Cavalcanti J&uacute;nior.<\/p>\n<p>Segundo Daniel Slaviero, cada r&aacute;dio ter&aacute; de pagar entre US$ 80 mil e US$ 120 mil para comprar transmissor e antena digitais. Ele afirmou que as esta&ccedil;&otilde;es comerciais mais modestas n&atilde;o devem esperar que o custo seja bancado pelo governo, mas sugeriu que provavelmente haver&aacute; demanda por uma linha de financiamento. No entanto, de acordo com fontes que acompanham o processo, as altas despesas t&ecirc;m assustado os pequenos radiodifusores, o que tem gerado desconfortos dentro do setor.<\/p>\n<p>Tais preocupa&ccedil;&otilde;es s&atilde;o motivadas tamb&eacute;m pela falta de perspectiva de novos investimentos para sustentar a mudan&ccedil;a. &quot;Num primeiro momento n&atilde;o haver&aacute; incremento da publicidade, o aumento da receita vir&aacute; com a matura&ccedil;&atilde;o da distribui&ccedil;&atilde;o de receptores, o que deve ocorrer entre 2 e 3 anos&quot;, prev&ecirc; Slaviero.<\/p>\n<p>Um risco colocado &eacute; a possibilidade de haver resist&ecirc;ncia da popula&ccedil;&atilde;o &agrave; compra de receptores digitais ainda maior do que a existente hoje no caso dos conversores da TV digital. &quot;Quem ir&aacute; pagar 1.000 reais ou qualquer pre&ccedil;o pr&oacute;ximo a este para ter um r&aacute;dio digital com as mesmas esta&ccedil;&otilde;es?&quot;, indaga o professor Carlos Eduardo Esch. A aposta dos radiodifusores &eacute; nos receptores embutidos nos autom&oacute;veis. No pre&ccedil;o total dos novos modelos, o pre&ccedil;o dos novos dispositivos seria melhor aceito.<\/p>\n<p>Em um cen&aacute;rio de altos custos e inexist&ecirc;ncia de novas receitas, tende a haver uma diferencia&ccedil;&atilde;o entre o pequeno grupo de grandes r&aacute;dios nas maiores cidades, que ir&atilde;o transmitir em digital tamb&eacute;m para um grupo seleto de receptores pr&oacute;prios para este tipo de tecnologia, e um segundo conjunto de m&eacute;dias e pequenas r&aacute;dios que continuar&atilde;o com seu sinal anal&oacute;gico.<\/span><\/p>\n","protected":false},"excerpt":{"rendered":"<p>Associa\u00e7\u00e3o usar\u00e1 estudo como trunfo para pressionar Executivo a tomar decis\u00e3o favor\u00e1vel ao sistema preferido das grandes emissoras; testes s\u00e3o contestados pelos pr\u00f3prios pesquisadores<\/p>\n","protected":false},"author":1,"featured_media":0,"comment_status":"open","ping_status":"open","sticky":false,"template":"","format":"standard","meta":{"footnotes":""},"categories":[40],"tags":[236],"_links":{"self":[{"href":"https:\/\/obscom.intervozes.org.br\/index.php?rest_route=\/wp\/v2\/posts\/21865"}],"collection":[{"href":"https:\/\/obscom.intervozes.org.br\/index.php?rest_route=\/wp\/v2\/posts"}],"about":[{"href":"https:\/\/obscom.intervozes.org.br\/index.php?rest_route=\/wp\/v2\/types\/post"}],"author":[{"embeddable":true,"href":"https:\/\/obscom.intervozes.org.br\/index.php?rest_route=\/wp\/v2\/users\/1"}],"replies":[{"embeddable":true,"href":"https:\/\/obscom.intervozes.org.br\/index.php?rest_route=%2Fwp%2Fv2%2Fcomments&post=21865"}],"version-history":[{"count":3,"href":"https:\/\/obscom.intervozes.org.br\/index.php?rest_route=\/wp\/v2\/posts\/21865\/revisions"}],"predecessor-version":[{"id":27905,"href":"https:\/\/obscom.intervozes.org.br\/index.php?rest_route=\/wp\/v2\/posts\/21865\/revisions\/27905"}],"wp:attachment":[{"href":"https:\/\/obscom.intervozes.org.br\/index.php?rest_route=%2Fwp%2Fv2%2Fmedia&parent=21865"}],"wp:term":[{"taxonomy":"category","embeddable":true,"href":"https:\/\/obscom.intervozes.org.br\/index.php?rest_route=%2Fwp%2Fv2%2Fcategories&post=21865"},{"taxonomy":"post_tag","embeddable":true,"href":"https:\/\/obscom.intervozes.org.br\/index.php?rest_route=%2Fwp%2Fv2%2Ftags&post=21865"}],"curies":[{"name":"wp","href":"https:\/\/api.w.org\/{rel}","templated":true}]}}