{"id":21862,"date":"2008-09-26T16:04:54","date_gmt":"2008-09-26T16:04:54","guid":{"rendered":"https:\/\/obscom.intervozes.org.br\/wordpress\/?p=21862"},"modified":"2008-09-26T16:04:54","modified_gmt":"2008-09-26T16:04:54","slug":"uniao-europeia-atenua-reforma-das-telecomunicacoes","status":"publish","type":"post","link":"https:\/\/obscom.intervozes.org.br\/?p=21862","title":{"rendered":"Uni\u00e3o Europ\u00e9ia atenua reforma das telecomunica\u00e7\u00f5es"},"content":{"rendered":"<p>   \t \t \t \t \t<!-- \t\t@page { margin: 2cm } \t\tP { margin-bottom: 0.21cm } \t--> \t  <\/p>\n<p style=\"margin-bottom: 0cm\" class=\"western padrao padrao\">O Parlamento europeu atenuou a reforma do marco regulat&oacute;rio do setor de telecomunica&ccedil;&otilde;es na Europa, dando uma vit&oacute;ria apenas parcial ao projeto da Comiss&atilde;o Europ&eacute;ia, o bra&ccedil;o executivo do bloco.<\/p>\n<p>Em vota&ccedil;&atilde;o de primeira leitura na quarta-feira, que deflagra a fase final da barganha com os governos, os parlamentares do bloco aprovaram condi&ccedil;&otilde;es mais duras para os reguladores nacionais obrigarem as operadoras de telefonia a uma &quot;separa&ccedil;&atilde;o funcional&quot; em duas companhias diferentes &#8211; uma presta o servi&ccedil;o, outra det&eacute;m a rede -, para assegurar uma &quot;concorr&ecirc;ncia justa&quot; no mercado. <\/p>\n<p>Os parlamentares querem que essa separa&ccedil;&atilde;o da gest&atilde;o de rede e da explora&ccedil;&atilde;o comercial pelas operadoras s&oacute; seja poss&iacute;vel como &uacute;ltimo recurso. Al&eacute;m disso, precisar&aacute; ser aprovada tamb&eacute;m pela Comiss&atilde;o Europ&eacute;ia e pela Nova Autoridade dos Mercados de Telecom, esp&eacute;cie de super-regulador do velho continente. <\/p>\n<p>A Gr&atilde;-Bretanha j&aacute; faz a separa&ccedil;&atilde;o funcional de suas redes de telecomunica&ccedil;&otilde;es. Pa&iacute;ses como Su&eacute;cia, Pol&ocirc;nia e Gr&eacute;cia pensam em fazer o mesmo. Mas a Holanda avisou que seu mercado n&atilde;o precisa disso. <\/p>\n<p>A deputada francesa Catherine Trautmann (Partido Socialista), uma das relatoras da reforma, disse que a separa&ccedil;&atilde;o funcional das redes n&atilde;o ser&aacute; poss&iacute;vel &quot;apenas para impor san&ccedil;&atilde;o a operadores tradicionais&quot;. <\/p>\n<p>Bruxelas s&oacute; conseguiu uma meia-vit&oacute;ria igualmente sobre a cria&ccedil;&atilde;o desse super-regulador. Os parlamentares europeus rejeitaram o direito de veto para a Comiss&atilde;o sobre os rem&eacute;dios adotados por um regulador nacional para melhorar a concorr&ecirc;ncia em seu mercado. A Comiss&atilde;o precisar&aacute; discutir com a nova autoridade europ&eacute;ia, e &eacute; esta que ter&aacute; a &uacute;ltima palavra em caso de desacordo. <\/p>\n<p>Outro aspecto importante do pacote aprovado esta semana &eacute; sobre a prote&ccedil;&atilde;o aos usu&aacute;rios. Os operadores europeus ser&atilde;o obrigados a fornecer ao consumidor uma informa&ccedil;&atilde;o clara sobre as tarifas, as condi&ccedil;&otilde;es contratuais, a seguran&ccedil;a das comunica&ccedil;&otilde;es e os meios de proteger seus dados pessoais. <\/p>\n<p>A Fran&ccedil;a, na presid&ecirc;ncia rotativa da Uni&atilde;o Europ&eacute;ia (UE), quer agora alcan&ccedil;ar at&eacute; 27 de novembro um acordo pol&iacute;tico &quot;ambicioso&quot; entre os 27 estados membros sobre o projeto de reforma. Isso levar&aacute; a uma segunda vota&ccedil;&atilde;o dos textos no Parlamento europeu no primeiro trimestre de 2009. <\/p>\n<p>Na Su&iacute;&ccedil;a, que n&atilde;o faz parte da UE, a Comiss&atilde;o de Comunica&ccedil;&atilde;o, o &oacute;rg&atilde;o regulador local, acaba de tomar sua primeira grande decis&atilde;o em dez anos de atua&ccedil;&atilde;o: decretou baixas m&eacute;dias de 30% das tarifas intermedi&aacute;rias faturadas pela Swisscom, a grande operadora nacional de servi&ccedil;os de telecomunica&ccedil;&otilde;es, a seus concorrentes para utilizarem parte de sua rede. <\/p>\n<p>Na Su&iacute;&ccedil;a, o operador deve facilitar o acesso dos concorrentes. S&oacute; que a Swisscom vinha faturando excessivamente o custo do chamado &quot;&uacute;ltimo quil&ocirc;metro&quot;. O &oacute;rg&atilde;o regulador reduziu os custos de constru&ccedil;&atilde;o da rede, j&aacute; que a Swisscom reparte os gastos com outras companhias (do setor el&eacute;trico e operadoras de TV paga).  <\/p>\n","protected":false},"excerpt":{"rendered":"<p>O Parlamento europeu atenuou a reforma do marco regulat&oacute;rio do setor de telecomunica&ccedil;&otilde;es na Europa, dando uma vit&oacute;ria apenas parcial ao projeto da Comiss&atilde;o Europ&eacute;ia, o bra&ccedil;o executivo do bloco. Em vota&ccedil;&atilde;o de primeira leitura na quarta-feira, que deflagra a fase final da barganha com os governos, os parlamentares do bloco aprovaram condi&ccedil;&otilde;es mais duras &hellip; <a href=\"https:\/\/obscom.intervozes.org.br\/?p=21862\" class=\"more-link\">Continue lendo <span class=\"screen-reader-text\">Uni\u00e3o Europ\u00e9ia atenua reforma das telecomunica\u00e7\u00f5es<\/span> <span class=\"meta-nav\">&rarr;<\/span><\/a><\/p>\n","protected":false},"author":1,"featured_media":0,"comment_status":"open","ping_status":"open","sticky":false,"template":"","format":"standard","meta":{"footnotes":""},"categories":[40],"tags":[366],"_links":{"self":[{"href":"https:\/\/obscom.intervozes.org.br\/index.php?rest_route=\/wp\/v2\/posts\/21862"}],"collection":[{"href":"https:\/\/obscom.intervozes.org.br\/index.php?rest_route=\/wp\/v2\/posts"}],"about":[{"href":"https:\/\/obscom.intervozes.org.br\/index.php?rest_route=\/wp\/v2\/types\/post"}],"author":[{"embeddable":true,"href":"https:\/\/obscom.intervozes.org.br\/index.php?rest_route=\/wp\/v2\/users\/1"}],"replies":[{"embeddable":true,"href":"https:\/\/obscom.intervozes.org.br\/index.php?rest_route=%2Fwp%2Fv2%2Fcomments&post=21862"}],"version-history":[{"count":0,"href":"https:\/\/obscom.intervozes.org.br\/index.php?rest_route=\/wp\/v2\/posts\/21862\/revisions"}],"wp:attachment":[{"href":"https:\/\/obscom.intervozes.org.br\/index.php?rest_route=%2Fwp%2Fv2%2Fmedia&parent=21862"}],"wp:term":[{"taxonomy":"category","embeddable":true,"href":"https:\/\/obscom.intervozes.org.br\/index.php?rest_route=%2Fwp%2Fv2%2Fcategories&post=21862"},{"taxonomy":"post_tag","embeddable":true,"href":"https:\/\/obscom.intervozes.org.br\/index.php?rest_route=%2Fwp%2Fv2%2Ftags&post=21862"}],"curies":[{"name":"wp","href":"https:\/\/api.w.org\/{rel}","templated":true}]}}