{"id":21858,"date":"2008-09-26T15:34:38","date_gmt":"2008-09-26T15:34:38","guid":{"rendered":"https:\/\/obscom.intervozes.org.br\/wordpress\/?p=21858"},"modified":"2008-09-26T15:34:38","modified_gmt":"2008-09-26T15:34:38","slug":"vice-ministro-japones-visita-america-do-sul-para-promover-padrao-isdb","status":"publish","type":"post","link":"https:\/\/obscom.intervozes.org.br\/?p=21858","title":{"rendered":"Vice-ministro japon\u00eas visita Am\u00e9rica do Sul para promover padr\u00e3o ISDB"},"content":{"rendered":"<p><span class=\"padrao\">O vice-ministro de Comunica&ccedil;&otilde;es e Assuntos Interiores do Jap&atilde;o, Akira Terasaki, oferece em Bras&iacute;lia, na pr&oacute;xima quarta-feira (1\/10), almo&ccedil;o a autoridades brasileiras, embaixadores de pa&iacute;ses pr&oacute;ximos e jornalistas para apresentar a pol&iacute;tica daquele pa&iacute;s de TV digital para a Am&eacute;rica do Sul, nos moldes do que foi implantado no Brasil. A Argentina j&aacute; est&aacute; conversando com o governo japon&ecirc;s para a poss&iacute;vel implanta&ccedil;&atilde;o do padr&atilde;o ISDB-T. Chile, Peru e Equador tamb&eacute;m est&atilde;o prestes a escolher o padr&atilde;o de TV digital que v&atilde;o adotar. H&aacute; ainda a expectativa que avancem as negocia&ccedil;&otilde;es para a instala&ccedil;&atilde;o de uma f&aacute;brica de semicondutores japonesa no Brasil.<\/p>\n<p>No dia 9 deste m&ecirc;s, a presidente argentina, Cristina Kirchner, assinou declara&ccedil;&atilde;o conjunta, com o presidente Luiz In&aacute;cio Lula da Silva, no Pal&aacute;cio do Planalto, sobre o interesse em adotar o padr&atilde;o j&aacute; escolhido pelo governo brasileiro. E o Brasil est&aacute; ajudando nas negocia&ccedil;&otilde;es da Argentina com o Jap&atilde;o, no intuito de assegurar que sejam oferecidas as mesmas condi&ccedil;&otilde;es ao pa&iacute;s vizinho. O ministro das Comunica&ccedil;&otilde;es, H&eacute;lio Costa, n&atilde;o descartou a possibilidade de o Brasil emprestar dinheiro, via BNDES, &agrave; Argentina para a implanta&ccedil;lo do padr&atilde;o de TV digital japon&ecirc;s, com todos os avan&ccedil;os obtidos aqui, inclusive o middleware Ginga, que assegura total interatividade ao sistema.<\/p>\n<p>Segundo o assessor especial da Casa Civil, Andr&eacute; Barbosa, uma delega&ccedil;&atilde;o argentina ir&aacute; ao Jap&atilde;o ainda em outubro, para definir quando ser&aacute; assinado o acordo para ado&ccedil;&atilde;o do que ele chama padr&atilde;o nipobrasileiro de TV digital. Ele informou que o principal entrave, que era a resist&ecirc;ncia dos radiodifusores argentinos, parece que j&aacute; foi sanado. &quot;O Clar&iacute;n, o jornal mais importante da Argentina, publicou, semana passada, uma mat&eacute;ria admitindo a ado&ccedil;&atilde;o do padr&atilde;o ISDB-T&quot;, contou.<\/p>\n<p>Sobre a instala&ccedil;&atilde;o de uma f&aacute;brica de semicondutores japonesa, que foi acertada quando o pa&iacute;s decidiu adotar o padr&atilde;o japon&ecirc;s de TV digital, Barbosa disse que o assunto vem sendo discutido e avan&ccedil;a lentamente. Isto porque o Brasil ainda precisa refor&ccedil;ar o quadro de mestre e doutores, que &eacute; um processo demorado. &quot;A Capes (Coordena&ccedil;&atilde;o de Aperfei&ccedil;oamento de Pessoal de N&iacute;vel Superior) j&aacute; recebeu os recursos destinados a enviar pessoal para capacita&ccedil;&atilde;o no Jap&atilde;o e a Toshiba est&aacute; conversando com o Ceitec, &uacute;nica empresa de semicondutores da Am&eacute;rica latina, para implanta&ccedil;&atilde;o de modelos de <em>design house<\/em>&quot;, disse Barbosa, destacando que, se concretizada, ser&aacute; a primeira <em>design house <\/em>da f&aacute;brica fora do Jap&atilde;o.<\/span><\/p>\n","protected":false},"excerpt":{"rendered":"<p>O vice-ministro de Comunica&ccedil;&otilde;es e Assuntos Interiores do Jap&atilde;o, Akira Terasaki, oferece em Bras&iacute;lia, na pr&oacute;xima quarta-feira (1\/10), almo&ccedil;o a autoridades brasileiras, embaixadores de pa&iacute;ses pr&oacute;ximos e jornalistas para apresentar a pol&iacute;tica daquele pa&iacute;s de TV digital para a Am&eacute;rica do Sul, nos moldes do que foi implantado no Brasil. A Argentina j&aacute; est&aacute; conversando &hellip; <a href=\"https:\/\/obscom.intervozes.org.br\/?p=21858\" class=\"more-link\">Continue lendo <span class=\"screen-reader-text\">Vice-ministro japon\u00eas visita Am\u00e9rica do Sul para promover padr\u00e3o ISDB<\/span> <span class=\"meta-nav\">&rarr;<\/span><\/a><\/p>\n","protected":false},"author":1,"featured_media":0,"comment_status":"open","ping_status":"open","sticky":false,"template":"","format":"standard","meta":{"footnotes":""},"categories":[40],"tags":[79],"_links":{"self":[{"href":"https:\/\/obscom.intervozes.org.br\/index.php?rest_route=\/wp\/v2\/posts\/21858"}],"collection":[{"href":"https:\/\/obscom.intervozes.org.br\/index.php?rest_route=\/wp\/v2\/posts"}],"about":[{"href":"https:\/\/obscom.intervozes.org.br\/index.php?rest_route=\/wp\/v2\/types\/post"}],"author":[{"embeddable":true,"href":"https:\/\/obscom.intervozes.org.br\/index.php?rest_route=\/wp\/v2\/users\/1"}],"replies":[{"embeddable":true,"href":"https:\/\/obscom.intervozes.org.br\/index.php?rest_route=%2Fwp%2Fv2%2Fcomments&post=21858"}],"version-history":[{"count":0,"href":"https:\/\/obscom.intervozes.org.br\/index.php?rest_route=\/wp\/v2\/posts\/21858\/revisions"}],"wp:attachment":[{"href":"https:\/\/obscom.intervozes.org.br\/index.php?rest_route=%2Fwp%2Fv2%2Fmedia&parent=21858"}],"wp:term":[{"taxonomy":"category","embeddable":true,"href":"https:\/\/obscom.intervozes.org.br\/index.php?rest_route=%2Fwp%2Fv2%2Fcategories&post=21858"},{"taxonomy":"post_tag","embeddable":true,"href":"https:\/\/obscom.intervozes.org.br\/index.php?rest_route=%2Fwp%2Fv2%2Ftags&post=21858"}],"curies":[{"name":"wp","href":"https:\/\/api.w.org\/{rel}","templated":true}]}}