{"id":21856,"date":"2008-09-26T15:26:56","date_gmt":"2008-09-26T15:26:56","guid":{"rendered":"https:\/\/obscom.intervozes.org.br\/wordpress\/?p=21856"},"modified":"2008-09-26T15:26:56","modified_gmt":"2008-09-26T15:26:56","slug":"anatel-reabre-convocacao-para-comite-de-defesa-dos-usuarios","status":"publish","type":"post","link":"https:\/\/obscom.intervozes.org.br\/?p=21856","title":{"rendered":"Anatel reabre convoca\u00e7\u00e3o para Comit\u00ea de Defesa dos Usu\u00e1rios"},"content":{"rendered":"<p><span class=\"padrao\"><span><u><strong>Reproduzido do TeleTime News<\/strong><\/u><\/p>\n<p>A intensa procura de entidades interessadas em participar do Comit&ecirc; de Defesa dos Usu&aacute;rios de Servi&ccedil;os de Telecomunica&ccedil;&otilde;es, que ser&aacute; implantado pela Ag&ecirc;ncia Nacional de Telecomunica&ccedil;&otilde;es (Anatel), fez com que a ag&ecirc;ncia reabrisse o edital de convoca&ccedil;&atilde;o dos candidatos a assento no grupo. O Conselho Diretor da autarquia decidiu nesta quinta-feira, 25, colocar novamente na pra&ccedil;a o edital de convoca&ccedil;&atilde;o com per&iacute;odo para candidatura entre 29 de setembro e 13 de outubro. <\/p>\n<p>O primeiro edital foi conclu&iacute;do em 28 de julho, mas a ag&ecirc;ncia continuou recebendo pedidos de inclus&atilde;o na lista de candidatos &agrave; representa&ccedil;&atilde;o dos usu&aacute;rios. Quem j&aacute; se inscreveu nessa primeira etapa n&atilde;o precisa encaminhar seus dados novamente &agrave; ag&ecirc;ncia. A id&eacute;ia &eacute; apenas regularizar estes pedidos que foram enviados fora do prazo do edital. Assim, todos aqueles que se candidataram ap&oacute;s o dia 28 de julho devem refazer o cadastro neste novo edital. <\/p>\n<p>Criado por uma resolu&ccedil;&atilde;o da Anatel de mar&ccedil;o de 2008, o comit&ecirc; tem como fun&ccedil;&atilde;o propor iniciativas &agrave; ag&ecirc;ncia reguladora nos assuntos relacionados com os usu&aacute;rios dos servi&ccedil;os de telecomunica&ccedil;&otilde;es. Far&atilde;o parte do grupo representantes da pr&oacute;pria Anatel; de institui&ccedil;&otilde;es p&uacute;blicas e privadas; e usu&aacute;rios dos servi&ccedil;os.<\/span><\/span><\/p>\n","protected":false},"excerpt":{"rendered":"<p>Reproduzido do TeleTime News A intensa procura de entidades interessadas em participar do Comit&ecirc; de Defesa dos Usu&aacute;rios de Servi&ccedil;os de Telecomunica&ccedil;&otilde;es, que ser&aacute; implantado pela Ag&ecirc;ncia Nacional de Telecomunica&ccedil;&otilde;es (Anatel), fez com que a ag&ecirc;ncia reabrisse o edital de convoca&ccedil;&atilde;o dos candidatos a assento no grupo. O Conselho Diretor da autarquia decidiu nesta quinta-feira, &hellip; <a href=\"https:\/\/obscom.intervozes.org.br\/?p=21856\" class=\"more-link\">Continue lendo <span class=\"screen-reader-text\">Anatel reabre convoca\u00e7\u00e3o para Comit\u00ea de Defesa dos Usu\u00e1rios<\/span> <span class=\"meta-nav\">&rarr;<\/span><\/a><\/p>\n","protected":false},"author":1,"featured_media":0,"comment_status":"open","ping_status":"open","sticky":false,"template":"","format":"standard","meta":{"footnotes":""},"categories":[39],"tags":[],"_links":{"self":[{"href":"https:\/\/obscom.intervozes.org.br\/index.php?rest_route=\/wp\/v2\/posts\/21856"}],"collection":[{"href":"https:\/\/obscom.intervozes.org.br\/index.php?rest_route=\/wp\/v2\/posts"}],"about":[{"href":"https:\/\/obscom.intervozes.org.br\/index.php?rest_route=\/wp\/v2\/types\/post"}],"author":[{"embeddable":true,"href":"https:\/\/obscom.intervozes.org.br\/index.php?rest_route=\/wp\/v2\/users\/1"}],"replies":[{"embeddable":true,"href":"https:\/\/obscom.intervozes.org.br\/index.php?rest_route=%2Fwp%2Fv2%2Fcomments&post=21856"}],"version-history":[{"count":0,"href":"https:\/\/obscom.intervozes.org.br\/index.php?rest_route=\/wp\/v2\/posts\/21856\/revisions"}],"wp:attachment":[{"href":"https:\/\/obscom.intervozes.org.br\/index.php?rest_route=%2Fwp%2Fv2%2Fmedia&parent=21856"}],"wp:term":[{"taxonomy":"category","embeddable":true,"href":"https:\/\/obscom.intervozes.org.br\/index.php?rest_route=%2Fwp%2Fv2%2Fcategories&post=21856"},{"taxonomy":"post_tag","embeddable":true,"href":"https:\/\/obscom.intervozes.org.br\/index.php?rest_route=%2Fwp%2Fv2%2Ftags&post=21856"}],"curies":[{"name":"wp","href":"https:\/\/api.w.org\/{rel}","templated":true}]}}