{"id":21854,"date":"2008-09-25T18:15:57","date_gmt":"2008-09-25T18:15:57","guid":{"rendered":"https:\/\/obscom.intervozes.org.br\/wordpress\/?p=21854"},"modified":"2008-09-25T18:15:57","modified_gmt":"2008-09-25T18:15:57","slug":"tvs-publicas-buscam-apoio-de-helio-costa-para-realizacao-de-ii-forum","status":"publish","type":"post","link":"https:\/\/obscom.intervozes.org.br\/?p=21854","title":{"rendered":"TVs p\u00fablicas buscam apoio de H\u00e9lio Costa para realiza\u00e7\u00e3o de II F\u00f3rum"},"content":{"rendered":"<p><span class=\"padrao\"><a name=\"11c9a6baddc54178_m12018\"><\/a><br \/><u><strong>Reproduzido do TelaViva News<\/strong><\/u><\/p>\n<p>                  As entidades das TVs p&uacute;blicas est&atilde;o buscando apoio pol&iacute;tico para a realiza&ccedil;&atilde;o do II F&oacute;rum Nacional de TVs P&uacute;blicas, que organizam com o objetivo de debater quest&otilde;es que n&atilde;o foram resolvidas na primeira edi&ccedil;&atilde;o do evento, como a regulamenta&ccedil;&atilde;o das emissoras p&uacute;blicas. Para isso reuniram-se nesta quarta, 24, com o ministro das Comunica&ccedil;&otilde;es, H&eacute;lio Costa, que, segundo a Abepec (Associa&ccedil;&atilde;o Brasileira de Emissoras P&uacute;blicas, Educativas e Culturais), teria se mostrado receptivo e salientado &quot;a import&acirc;ncia de se estabelecer o que &eacute; ou n&atilde;o uma televis&atilde;o p&uacute;blica&quot;, conforme a nota da associa&ccedil;&atilde;o. Para a associa&ccedil;&atilde;o, falta um aparato jur&iacute;dico para este campo das comunica&ccedil;&otilde;es, assim como uma caracteriza&ccedil;&atilde;o das emissoras p&uacute;blicas.<\/p>\n<p> Participaram do encontro, al&eacute;m de H&eacute;lio Costa, o presidente da Abepec, Ant&ocirc;nio Achilis; a presidente da Astral (Associa&ccedil;&atilde;o Brasileiras de Televis&otilde;es e R&aacute;dios Legislativas), Evelin Maciel; Marco Ant&ocirc;nio Coelho Filho, gerente executivo da Abepec; e Marcelo Bechara, consultor jur&iacute;dico do Minist&eacute;rio das Comunica&ccedil;&otilde;es.                  <\/span><\/p>\n","protected":false},"excerpt":{"rendered":"<p>Reproduzido do TelaViva News As entidades das TVs p&uacute;blicas est&atilde;o buscando apoio pol&iacute;tico para a realiza&ccedil;&atilde;o do II F&oacute;rum Nacional de TVs P&uacute;blicas, que organizam com o objetivo de debater quest&otilde;es que n&atilde;o foram resolvidas na primeira edi&ccedil;&atilde;o do evento, como a regulamenta&ccedil;&atilde;o das emissoras p&uacute;blicas. Para isso reuniram-se nesta quarta, 24, com o ministro &hellip; <a href=\"https:\/\/obscom.intervozes.org.br\/?p=21854\" class=\"more-link\">Continue lendo <span class=\"screen-reader-text\">TVs p\u00fablicas buscam apoio de H\u00e9lio Costa para realiza\u00e7\u00e3o de II F\u00f3rum<\/span> <span class=\"meta-nav\">&rarr;<\/span><\/a><\/p>\n","protected":false},"author":1,"featured_media":0,"comment_status":"open","ping_status":"open","sticky":false,"template":"","format":"standard","meta":{"footnotes":""},"categories":[39],"tags":[],"_links":{"self":[{"href":"https:\/\/obscom.intervozes.org.br\/index.php?rest_route=\/wp\/v2\/posts\/21854"}],"collection":[{"href":"https:\/\/obscom.intervozes.org.br\/index.php?rest_route=\/wp\/v2\/posts"}],"about":[{"href":"https:\/\/obscom.intervozes.org.br\/index.php?rest_route=\/wp\/v2\/types\/post"}],"author":[{"embeddable":true,"href":"https:\/\/obscom.intervozes.org.br\/index.php?rest_route=\/wp\/v2\/users\/1"}],"replies":[{"embeddable":true,"href":"https:\/\/obscom.intervozes.org.br\/index.php?rest_route=%2Fwp%2Fv2%2Fcomments&post=21854"}],"version-history":[{"count":0,"href":"https:\/\/obscom.intervozes.org.br\/index.php?rest_route=\/wp\/v2\/posts\/21854\/revisions"}],"wp:attachment":[{"href":"https:\/\/obscom.intervozes.org.br\/index.php?rest_route=%2Fwp%2Fv2%2Fmedia&parent=21854"}],"wp:term":[{"taxonomy":"category","embeddable":true,"href":"https:\/\/obscom.intervozes.org.br\/index.php?rest_route=%2Fwp%2Fv2%2Fcategories&post=21854"},{"taxonomy":"post_tag","embeddable":true,"href":"https:\/\/obscom.intervozes.org.br\/index.php?rest_route=%2Fwp%2Fv2%2Ftags&post=21854"}],"curies":[{"name":"wp","href":"https:\/\/api.w.org\/{rel}","templated":true}]}}