{"id":21850,"date":"2008-09-24T17:33:23","date_gmt":"2008-09-24T17:33:23","guid":{"rendered":"https:\/\/obscom.intervozes.org.br\/wordpress\/?p=21850"},"modified":"2008-09-24T17:33:23","modified_gmt":"2008-09-24T17:33:23","slug":"ministerio-responde-ao-cgi-br-dizendo-que-ja-esta-estudando-a-desagregacao-de-redes","status":"publish","type":"post","link":"https:\/\/obscom.intervozes.org.br\/?p=21850","title":{"rendered":"Minist\u00e9rio responde ao CGI.br dizendo que j\u00e1 est\u00e1 estudando a desagrega\u00e7\u00e3o de redes"},"content":{"rendered":"<p>   \t \t \t \t \t<!-- \t\t@page { margin: 2cm } \t\tP { margin-bottom: 0.21cm } \t--> \t  <\/p>\n<p style=\"margin-bottom: 0cm\" class=\"western padrao\">Em of&iacute;cio enviado ao Comit&ecirc; Gestor da Internet no Brasil (CGI.br), o Minist&eacute;rio das Comunica&ccedil;&otilde;es informa aos conselheiros que j&aacute; vem estudando a possibilidade de adotar a desagrega&ccedil;&atilde;o de redes como parte das mudan&ccedil;as previstas na atualiza&ccedil;&atilde;o das pol&iacute;ticas p&uacute;blicas de telecomunica&ccedil;&otilde;es que est&atilde;o em andamento. <\/p>\n<p>O documento &eacute; uma resposta a carta enviada pelo CGI.br ao minist&eacute;rio em que o &oacute;rg&atilde;o gestor da internet sugere a ado&ccedil;&atilde;o da desagrega&ccedil;&atilde;o, com a separa&ccedil;&atilde;o estrutural ou funcional da infra-estrutura de redes destinadas &agrave; presta&ccedil;&atilde;o de servi&ccedil;os de telecomunica&ccedil;&otilde;es em regime p&uacute;blico. A carta do CGI.br foi o primeiro documento p&uacute;blica de natureza mais pol&iacute;tica do &oacute;rg&atilde;o e a inten&ccedil;&atilde;o de dar peso ao debate sobre a desagrega&ccedil;&atilde;o parece estar funcionando. <\/p>\n<p>No entanto, a resposta do minist&eacute;rio n&atilde;o indica que este ap&oacute;ie a id&eacute;ia. Nas &uacute;ltimas semanas, o ministro H&eacute;lio Costa tem criticado publicamente a separa&ccedil;&atilde;o administrativa e fiscal dos servi&ccedil;os de banda larga e telefonia prestados por concession&aacute;rias de telecomunica&ccedil;&otilde;es.<\/p>\n<p><em>Com informa&ccedil;&otilde;es da Tele.S&iacute;ntese.<\/em><\/p>\n","protected":false},"excerpt":{"rendered":"<p>Em of&iacute;cio enviado ao Comit&ecirc; Gestor da Internet no Brasil (CGI.br), o Minist&eacute;rio das Comunica&ccedil;&otilde;es informa aos conselheiros que j&aacute; vem estudando a possibilidade de adotar a desagrega&ccedil;&atilde;o de redes como parte das mudan&ccedil;as previstas na atualiza&ccedil;&atilde;o das pol&iacute;ticas p&uacute;blicas de telecomunica&ccedil;&otilde;es que est&atilde;o em andamento. O documento &eacute; uma resposta a carta enviada pelo &hellip; <a href=\"https:\/\/obscom.intervozes.org.br\/?p=21850\" class=\"more-link\">Continue lendo <span class=\"screen-reader-text\">Minist\u00e9rio responde ao CGI.br dizendo que j\u00e1 est\u00e1 estudando a desagrega\u00e7\u00e3o de redes<\/span> <span class=\"meta-nav\">&rarr;<\/span><\/a><\/p>\n","protected":false},"author":1,"featured_media":0,"comment_status":"open","ping_status":"open","sticky":false,"template":"","format":"standard","meta":{"footnotes":""},"categories":[39],"tags":[],"_links":{"self":[{"href":"https:\/\/obscom.intervozes.org.br\/index.php?rest_route=\/wp\/v2\/posts\/21850"}],"collection":[{"href":"https:\/\/obscom.intervozes.org.br\/index.php?rest_route=\/wp\/v2\/posts"}],"about":[{"href":"https:\/\/obscom.intervozes.org.br\/index.php?rest_route=\/wp\/v2\/types\/post"}],"author":[{"embeddable":true,"href":"https:\/\/obscom.intervozes.org.br\/index.php?rest_route=\/wp\/v2\/users\/1"}],"replies":[{"embeddable":true,"href":"https:\/\/obscom.intervozes.org.br\/index.php?rest_route=%2Fwp%2Fv2%2Fcomments&post=21850"}],"version-history":[{"count":0,"href":"https:\/\/obscom.intervozes.org.br\/index.php?rest_route=\/wp\/v2\/posts\/21850\/revisions"}],"wp:attachment":[{"href":"https:\/\/obscom.intervozes.org.br\/index.php?rest_route=%2Fwp%2Fv2%2Fmedia&parent=21850"}],"wp:term":[{"taxonomy":"category","embeddable":true,"href":"https:\/\/obscom.intervozes.org.br\/index.php?rest_route=%2Fwp%2Fv2%2Fcategories&post=21850"},{"taxonomy":"post_tag","embeddable":true,"href":"https:\/\/obscom.intervozes.org.br\/index.php?rest_route=%2Fwp%2Fv2%2Ftags&post=21850"}],"curies":[{"name":"wp","href":"https:\/\/api.w.org\/{rel}","templated":true}]}}