{"id":21841,"date":"2008-09-23T15:11:21","date_gmt":"2008-09-23T15:11:21","guid":{"rendered":"https:\/\/obscom.intervozes.org.br\/wordpress\/?p=21841"},"modified":"2008-09-23T15:11:21","modified_gmt":"2008-09-23T15:11:21","slug":"apesar-de-incentivar-acoes-contrarias-a-fusao-fittel-defende-criacao-da-brt-oi","status":"publish","type":"post","link":"https:\/\/obscom.intervozes.org.br\/?p=21841","title":{"rendered":"Apesar de incentivar a\u00e7\u00f5es contr\u00e1rias \u00e0 fus\u00e3o, Fittel defende cria\u00e7\u00e3o da BrT-Oi"},"content":{"rendered":"<p>   \t \t \t \t \t<!-- \t\t@page { margin: 2cm } \t\tP { margin-bottom: 0.21cm } \t--> \t  <\/p>\n<p style=\"margin-bottom: 0cm\" class=\"western\"><span class=\"padrao\">O movimento encabe&ccedil;ado pela Federa&ccedil;&atilde;o Interestadual dos Trabalhadores em Telecomunica&ccedil;&otilde;es (Fittel) para que os sindicatos entrem com representa&ccedil;&otilde;es pedindo a investiga&ccedil;&atilde;o da uni&atilde;o entre Brasil Telecom e Oi est&aacute; cada vez ganhando mais adeptos. V&aacute;rios sindicatos j&aacute; aderiram e outros estudam apresentar em breve reclama&ccedil;&otilde;es ao Minist&eacute;rio P&uacute;blico Federal (MPF). Mas um detalhe tem passado despercebido na enxurrada de representa&ccedil;&otilde;es: conceitualmente, a Fittel &eacute; favor&aacute;vel &agrave; cria&ccedil;&atilde;o da BrT-Oi.<\/p>\n<p>A motiva&ccedil;&atilde;o para sugerir que os sindicatos protestem no MPF est&aacute; mais no campo trabalhista e pol&iacute;tico do que na cria&ccedil;&atilde;o em si da super tele. &Eacute; o que explica o Secret&aacute;rio Geral da Fittel, Jo&atilde;o de Moura Neto. &quot;N&atilde;o temos a inten&ccedil;&atilde;o de impedir a uni&atilde;o das empresas. Apenas achamos que tem que se investigar. &Eacute; para ser uma a&ccedil;&atilde;o, essa do MPF, moralizadora&quot;, afirmou.<\/p>\n<p>&quot;Moralizar&quot; a opera&ccedil;&atilde;o seria dar mais aten&ccedil;&atilde;o aos empregos e &agrave; qualidade do servi&ccedil;o, por exemplo, al&eacute;m de esmiu&ccedil;ar a negocia&ccedil;&atilde;o constru&iacute;da para viabilizar a BrT-Oi. Um dos pontos de inc&ocirc;modo de Moura Neto &eacute; como foi acertado o pagamento pelas a&ccedil;&otilde;es de Daniel Dantas e os demais negocia&ccedil;&otilde;es com o banqueiro. &quot;&Eacute; uma empresa que est&aacute; sendo criada com dinheiro p&uacute;blico, do BNDES. Ent&atilde;o estas quest&otilde;es precisam ser esclarecidas&quot;, explicou. <\/p>\n<p><strong>Tecnologia<\/strong><\/p>\n<p>Mas as ressalvas n&atilde;o atingem o cerne do neg&oacute;cio. Moura Neto defende a import&acirc;ncia de o Brasil ter uma grande empresa capaz de investir em &aacute;reas como o desenvolvimento tecnol&oacute;gico. Para o secret&aacute;rio geral, a BrOi &eacute; uma chance para que o Brasil retome as pesquisas de equipamentos para o setor de telecomunica&ccedil;&otilde;es, reduzindo a depend&ecirc;ncia de outros pa&iacute;ses. &quot;O Brasil n&atilde;o pode abrir m&atilde;o de sua intelig&ecirc;ncia pra ficar comprando bugiganga da China.&quot;<\/p>\n<p>A id&eacute;ia de ter uma grande empresa competindo no mercado internacional tamb&eacute;m agrada Moura Neto. Mantidas separadas, Brasil Telecom e Oi seriam &quot;min&uacute;sculas&quot; frente a grandes grupos internacionais como Telef&oacute;nica e Telmex, na vis&atilde;o do representante da Fittel. &quot;Queremos ser protagonistas e n&atilde;o mero coadjuvantes&quot;, argumenta. <\/p>\n<p>Representante do sindicato do Mato Grosso do Sul, no entanto, afirma que o entendimento no Estado &eacute; que a cria&ccedil;&atilde;o da BrT-Oi &eacute; mal&eacute;fica para os trabalhadores. Segundo ele, est&aacute; havendo o mesmo discurso de manuten&ccedil;&atilde;o dos postos de trabalho usado na privatiza&ccedil;&atilde;o, mas que no final v&aacute;rios empregos s&atilde;o cortados. &quot;Na privatiza&ccedil;&atilde;o &eacute;ramos 1800 funcion&aacute;rios, ficaram s&oacute; 210. O resto foi terceirizado com sal&aacute;rios baix&iacute;ssimos&quot;, diz ele que &eacute; funcion&aacute;rio da Brasil Telecom. &quot;Aqui (na BrT) todo mundo &eacute; contra&quot;, completa.<\/p>\n<p><strong>Representa&ccedil;&otilde;es<\/strong><\/p>\n<p>At&eacute; esta segunda-feira (22), a Fittel confirma a ades&atilde;o de seis sindicatos no movimento de apresenta&ccedil;&atilde;o de reclama&ccedil;&otilde;es ao MPF: Rio Grande do Sul, Para&iacute;ba, Rio Grande do Norte, Par&aacute;, Distrito Federal e Acre. Os sindicatos de Goi&aacute;s e Mato Grosso do Sul tamb&eacute;m j&aacute; teriam entrado com representa&ccedil;&otilde;es, mas ainda n&atilde;o confirmaram oficialmente a a&ccedil;&atilde;o na Fittel. Por enquanto, apenas o Rio de Janeiro posicionou-se contrariamente ao movimento da federa&ccedil;&atilde;o entre os estados associados.<\/p>\n<p>A representa&ccedil;&atilde;o do Rio Grande do Sul gerou a abertura de um inqu&eacute;rito civil p&uacute;blico por conta do MPF. Segundo Moura Neto, a tend&ecirc;ncia &eacute; que as demais representa&ccedil;&otilde;es sejam juntadas a este processo de investiga&ccedil;&atilde;o ao inv&eacute;s de originar outros inqu&eacute;ritos.<\/span><\/p>\n","protected":false},"excerpt":{"rendered":"<p>O movimento encabe&ccedil;ado pela Federa&ccedil;&atilde;o Interestadual dos Trabalhadores em Telecomunica&ccedil;&otilde;es (Fittel) para que os sindicatos entrem com representa&ccedil;&otilde;es pedindo a investiga&ccedil;&atilde;o da uni&atilde;o entre Brasil Telecom e Oi est&aacute; cada vez ganhando mais adeptos. V&aacute;rios sindicatos j&aacute; aderiram e outros estudam apresentar em breve reclama&ccedil;&otilde;es ao Minist&eacute;rio P&uacute;blico Federal (MPF). Mas um detalhe tem passado &hellip; <a href=\"https:\/\/obscom.intervozes.org.br\/?p=21841\" class=\"more-link\">Continue lendo <span class=\"screen-reader-text\">Apesar de incentivar a\u00e7\u00f5es contr\u00e1rias \u00e0 fus\u00e3o, Fittel defende cria\u00e7\u00e3o da BrT-Oi<\/span> <span class=\"meta-nav\">&rarr;<\/span><\/a><\/p>\n","protected":false},"author":1,"featured_media":0,"comment_status":"open","ping_status":"open","sticky":false,"template":"","format":"standard","meta":{"footnotes":""},"categories":[40],"tags":[645],"_links":{"self":[{"href":"https:\/\/obscom.intervozes.org.br\/index.php?rest_route=\/wp\/v2\/posts\/21841"}],"collection":[{"href":"https:\/\/obscom.intervozes.org.br\/index.php?rest_route=\/wp\/v2\/posts"}],"about":[{"href":"https:\/\/obscom.intervozes.org.br\/index.php?rest_route=\/wp\/v2\/types\/post"}],"author":[{"embeddable":true,"href":"https:\/\/obscom.intervozes.org.br\/index.php?rest_route=\/wp\/v2\/users\/1"}],"replies":[{"embeddable":true,"href":"https:\/\/obscom.intervozes.org.br\/index.php?rest_route=%2Fwp%2Fv2%2Fcomments&post=21841"}],"version-history":[{"count":0,"href":"https:\/\/obscom.intervozes.org.br\/index.php?rest_route=\/wp\/v2\/posts\/21841\/revisions"}],"wp:attachment":[{"href":"https:\/\/obscom.intervozes.org.br\/index.php?rest_route=%2Fwp%2Fv2%2Fmedia&parent=21841"}],"wp:term":[{"taxonomy":"category","embeddable":true,"href":"https:\/\/obscom.intervozes.org.br\/index.php?rest_route=%2Fwp%2Fv2%2Fcategories&post=21841"},{"taxonomy":"post_tag","embeddable":true,"href":"https:\/\/obscom.intervozes.org.br\/index.php?rest_route=%2Fwp%2Fv2%2Ftags&post=21841"}],"curies":[{"name":"wp","href":"https:\/\/api.w.org\/{rel}","templated":true}]}}