{"id":21834,"date":"2008-09-22T16:47:59","date_gmt":"2008-09-22T16:47:59","guid":{"rendered":"https:\/\/obscom.intervozes.org.br\/wordpress\/?p=21834"},"modified":"2008-09-22T16:47:59","modified_gmt":"2008-09-22T16:47:59","slug":"reconquistar-radios-para-a-comunidade-e-desafio-no-df","status":"publish","type":"post","link":"https:\/\/obscom.intervozes.org.br\/?p=21834","title":{"rendered":"Reconquistar r\u00e1dios para a comunidade \u00e9 desafio no DF"},"content":{"rendered":"<p>   \t \t \t \t \t<!-- \t\t@page { margin: 2cm } \t\tP { margin-bottom: 0.21cm } \t--> \t   <\/p>\n<p style=\"margin-bottom: 0cm\" class=\"western\"><span class=\"padrao\"><span>Bras&iacute;lia &eacute; conhecida por ser palco de grandes debates sobre as quest&otilde;es nacionais, dada a sua condi&ccedil;&atilde;o de capital do pa&iacute;s. Muitas vezes, a profus&atilde;o de eventos e discuss&otilde;es sobre temas nacionais ofusca a situa&ccedil;&atilde;o daquelas &aacute;reas nos limites do Distrito Federal &#8211;  os bols&otilde;es de pobreza concentrados nas chamadas &ldquo;cidades-sat&eacute;lite&rdquo; &#8211; marcadas pela extrema desigualdade em rela&ccedil;&atilde;o &agrave;s ricas e desenvolvidas &aacute;reas nobres do Plano Piloto.<\/p>\n<p>Mas entre os dias 17 e 20, o assunto da vez foi o local. A 5 quil&ocirc;metros da Esplanada dos Minist&eacute;rios, profissionais, estudantes e entidades envolvidas com a &aacute;rea da comunica&ccedil;&atilde;o se reuniram para discutir os rumos da m&iacute;dia comunit&aacute;ria no DF. O evento foi promovido pela TV Cidade Livre, o canal comunit&aacute;rio de Bras&iacute;lia, e marcou o 11o anivers&aacute;rio do ve&iacute;culo.<\/p>\n<p>Na avalia&ccedil;&atilde;o de entidades atuantes na &aacute;rea, atualmente o principal desafio do setor na cidade &eacute; retomar as emissoras autorizadas para uma fun&ccedil;&atilde;o efetivamente comunit&aacute;ria. Segundo Jos&eacute; Sotter, coordenador nacional da Associa&ccedil;&atilde;o Brasileira de Radiodifus&atilde;o Comunit&aacute;ria (Abra&ccedil;o), a maioria das esta&ccedil;&otilde;es outorgadas s&atilde;o controladas por grupos religiosos ou por pequenos empres&aacute;rios, restando poucas com perfil efetivamente comunit&aacute;rio.<\/p>\n<p>De acordo com o Sistema de Controle de Radiodifus&atilde;o da Ag&ecirc;ncia Nacional de Telecomunica&ccedil;&otilde;es (Anatel), h&aacute; hoje 24 r&aacute;dios comunit&aacute;rias outorgadas no DF, sendo 19 em funcionamento. O coordenador da Abra&ccedil;o calcula que, deste total, n&atilde;o passam de cinco as que cumprem efetivamente os objetivos e finalidades de prover informa&ccedil;&atilde;o e cultura &agrave; comunidade de maneira plural e participativa.<\/p>\n<p>&ldquo;No DF, passamos por uma situa&ccedil;&atilde;o diferenciada em rela&ccedil;&atilde;o ao resto do pa&iacute;s. N&atilde;o sei se &eacute; porque estamos no &#39;quintal do Minicom&#39;, mas temos tido um processo mais dif&iacute;cil em rela&ccedil;&atilde;o &agrave;s outorgas. Isso nos levou a ter aqui mais r&aacute;dios de baixa pot&ecirc;ncia do que realmente comunit&aacute;rias&rdquo;, analisa. O resultado &eacute; a exist&ecirc;ncia de emissoras funcionando em templos evang&eacute;licos, concedidas a produtoras de shows da cidade para divulga&ccedil;&atilde;o de festivais e at&eacute; mesmo sendo usadas explicitamente como meios comerciais.<\/p>\n<p>A Lei 9.612\/98, que instituiu o servi&ccedil;o de r&aacute;dio comunit&aacute;ria, prev&ecirc; o direito de todos os cidad&atilde;os de se manifestarem na emissora e garante o direito de participa&ccedil;&atilde;o das entidades localizadas na &aacute;rea atendida em um Conselho Comunit&aacute;rio com a fun&ccedil;&atilde;o de fiscalizar e opinar sobre a programa&ccedil;&atilde;o do ve&iacute;culo.<\/p>\n<p>No entanto, como n&atilde;o h&aacute; hist&oacute;rico de fechamento de r&aacute;dios comunit&aacute;rias por parte da Anatel em raz&atilde;o do desvirtuamento de sua fun&ccedil;&atilde;o, o principal desafio na avalia&ccedil;&atilde;o da Abra&ccedil;o &eacute; ocupar as associa&ccedil;&otilde;es mantenedoras das r&aacute;dios e transformar &#39;por dentro&#39; o perfil de cada uma delas. &ldquo;Por conta da falta de fiscaliza&ccedil;&atilde;o e puni&ccedil;&atilde;o, &eacute; mais f&aacute;cil conscientizar a comunidade a ocupar as emissoras atrav&eacute;s da lei que est&aacute; a&iacute; do que trabalhar para poder cassar uma autoriza&ccedil;&atilde;o&rdquo;, diz Sotter. <\/p>\n<p>Para isso, o caminho buscado tem sido articular movimentos sociais e organiza&ccedil;&otilde;es populares do Distrito Federal, que t&ecirc;m dedicado pouco apoio a este tipo de experi&ecirc;ncia de m&iacute;dia. A Central &Uacute;nica dos Trabalhadores (CUT) do DF, que j&aacute; esteve envolvida com uma associa&ccedil;&atilde;o candidata a uma autoriza&ccedil;&atilde;o, agora retoma suas atividades de r&aacute;dio com uma emissora, dispon&iacute;vel ainda somente pela internet [<a href=\"%20http:\/\/producao.upx.com.br\/\/players\/cut.wmx\">acesse aqui<\/a>].<\/span><\/span><span class=\"padrao\"><u><span><\/p>\n<p><\/span><\/u><\/span><span class=\"padrao\"><span><strong>TV sem recursos<\/strong><\/span><span><\/p>\n<p>J&aacute; o canal comunit&aacute;rio de Bras&iacute;lia, a TV Cidade Livre, &eacute; reconhecido pelo perfil comunit&aacute;rio, pr&oacute;ximo &agrave;s associa&ccedil;&otilde;es, sindicatos e organiza&ccedil;&otilde;es do DF e voltado &agrave; cobertura e produ&ccedil;&atilde;o de programas sobre as quest&otilde;es da cidade. O problema n&atilde;o &eacute; legitimidade, mas a falta de recursos para manter suas atividades.<\/p>\n<p>Distribu&iacute;do pelo sinal da operadora de cabo Net Bras&iacute;lia, a TV depende das doa&ccedil;&otilde;es mensais de seus associados, uma vez que a legisla&ccedil;&atilde;o pro&iacute;be &agrave; veicula&ccedil;&atilde;o de publicidade. Mas apesar de o canal ter no se quadro de s&oacute;cios 30 organiza&ccedil;&otilde;es, menos de 30% mant&ecirc;m as contribui&ccedil;&otilde;es em dia. &ldquo;H&aacute; uma restri&ccedil;&atilde;o dos governos de n&atilde;o colocarem dinheiro na m&iacute;dia comunit&aacute;ria. Mesmo na sociedade civil ainda carecemos de apoio&rdquo;, diz o coordenador da TV Cidade Livre, Paulo Miranda.<\/p>\n<p>Uma das sa&iacute;das seria o financiamento p&uacute;blico, mas para isso &eacute; preciso enfrentar limita&ccedil;&otilde;es de &acirc;mbito nacional e local. Em n&iacute;vel Federal, ainda n&atilde;o h&aacute; uma pol&iacute;tica estabelecida de fomento &agrave; comunica&ccedil;&atilde;o comunit&aacute;ria. No plano local, a Lei Org&acirc;nica do Distrito Federal estabelece em seu Artigo 260 ser &ldquo;responsabilidade do Poder P&uacute;blico a promo&ccedil;&atilde;o da cultura regional e o est&iacute;mulo &agrave; produ&ccedil;&atilde;o independente que objetive sua divulga&ccedil;&atilde;o&rdquo;. Por&eacute;m, como a diretriz nunca foi regulamentada em lei, at&eacute; hoje o est&iacute;mulo &agrave; produ&ccedil;&atilde;o regional e independente, onde se encaixam as emissoras comunit&aacute;rias, continua como letra morta.<\/p>\n<p>Segundo Paulo Miranda, al&eacute;m da sustentabilidade, outro grande desafio do canal comunit&aacute;rio &eacute; conseguir espa&ccedil;o no sinal aberto. Relegados &agrave; televis&atilde;o paga, estas emissoras v&ecirc;m lutando para que o Canal da Cidadania, previsto no decreto que definiu as diretrizes para a TV Digital Terrestre (5.820\/06), seja dado ou abra espa&ccedil;o &agrave;s atuais canais comunit&aacute;rios do cabo. No entanto, tanto os novos recursos quanto a transmiss&atilde;o em sinal aberto colocam-se como possibilidades distantes pela resist&ecirc;ncia existente no Estado a este tipo de comunica&ccedil;&atilde;o.<\/span><\/span><\/p>\n","protected":false},"excerpt":{"rendered":"<p>No Distrito Federal, 24 r\u00e1dios comunit\u00e1rias est\u00e3o legalizadas, mas muitas delas funcionam como divulga\u00e7\u00e3o de igrejas ou como emissoras comerciais; TV comunit\u00e1ria busca sa\u00eddas para financiamento<\/p>\n","protected":false},"author":1,"featured_media":0,"comment_status":"open","ping_status":"open","sticky":false,"template":"","format":"standard","meta":{"footnotes":""},"categories":[40],"tags":[155],"_links":{"self":[{"href":"https:\/\/obscom.intervozes.org.br\/index.php?rest_route=\/wp\/v2\/posts\/21834"}],"collection":[{"href":"https:\/\/obscom.intervozes.org.br\/index.php?rest_route=\/wp\/v2\/posts"}],"about":[{"href":"https:\/\/obscom.intervozes.org.br\/index.php?rest_route=\/wp\/v2\/types\/post"}],"author":[{"embeddable":true,"href":"https:\/\/obscom.intervozes.org.br\/index.php?rest_route=\/wp\/v2\/users\/1"}],"replies":[{"embeddable":true,"href":"https:\/\/obscom.intervozes.org.br\/index.php?rest_route=%2Fwp%2Fv2%2Fcomments&post=21834"}],"version-history":[{"count":0,"href":"https:\/\/obscom.intervozes.org.br\/index.php?rest_route=\/wp\/v2\/posts\/21834\/revisions"}],"wp:attachment":[{"href":"https:\/\/obscom.intervozes.org.br\/index.php?rest_route=%2Fwp%2Fv2%2Fmedia&parent=21834"}],"wp:term":[{"taxonomy":"category","embeddable":true,"href":"https:\/\/obscom.intervozes.org.br\/index.php?rest_route=%2Fwp%2Fv2%2Fcategories&post=21834"},{"taxonomy":"post_tag","embeddable":true,"href":"https:\/\/obscom.intervozes.org.br\/index.php?rest_route=%2Fwp%2Fv2%2Ftags&post=21834"}],"curies":[{"name":"wp","href":"https:\/\/api.w.org\/{rel}","templated":true}]}}