{"id":21828,"date":"2008-09-18T17:25:14","date_gmt":"2008-09-18T17:25:14","guid":{"rendered":"https:\/\/obscom.intervozes.org.br\/wordpress\/?p=21828"},"modified":"2008-09-18T17:25:14","modified_gmt":"2008-09-18T17:25:14","slug":"comunicacao-e-melhor-quando-incomoda","status":"publish","type":"post","link":"https:\/\/obscom.intervozes.org.br\/?p=21828","title":{"rendered":"Comunica\u00e7\u00e3o \u00e9 melhor quando incomoda"},"content":{"rendered":"<p>   \t \t \t \t \t<!-- \t\t@page { margin: 2cm } \t\tP { margin-bottom: 0.21cm } \t--> \t  <\/p>\n<p style=\"margin-bottom: 0cm\" class=\"western padrao\"><strong>[T&iacute;tulo original: A comunica&ccedil;&atilde;o tanto &eacute; melhor quanto mais gente incomoda]<\/strong><em><\/p>\n<p>Formado em Matem&aacute;tica e p&oacute;s-graduado em Filosofia da Ci&ecirc;ncia, Cl&aacute;udio Weber Abramo &eacute; conhecido pelo modo duro e contundente com que faz suas cr&iacute;ticas. Por cerca de nove anos, trabalhou no jornalismo brasileiro, entre os quais os peri&oacute;dicos &ldquo;Folha de S. Paulo&rdquo; e &ldquo;Gazeta Mercantil&rdquo;. H&aacute; oito anos, ele integra a organiza&ccedil;&atilde;o Transpar&ecirc;ncia Brasil, criada com a motiva&ccedil;&atilde;o do combate &agrave; corrup&ccedil;&atilde;o. Nesta entrevista, ele fala sobre a rela&ccedil;&atilde;o entre m&iacute;dia e democracia.<\/p>\n<p><\/em><strong>Qual o papel da m&iacute;dia no processo de amadurecimento da democracia de um pa&iacute;s?<br \/><\/strong>Um dos componentes fundamentais da democracia &eacute; a exist&ecirc;ncia de meios de comunica&ccedil;&atilde;o independentes do Estado. No entanto, a independ&ecirc;ncia do ve&iacute;culo s&oacute; &eacute; poss&iacute;vel se h&aacute; independ&ecirc;ncia econ&ocirc;mica. Se eles n&atilde;o t&ecirc;m recursos de receitas publicit&aacute;rias e ainda assim conseguem se manter, esse dinheiro sai de algum lugar. E sai do Estado, da publicidade oficial. Isso ocorre n&atilde;o apenas em lugares distantes, acontece em S&atilde;o Paulo tamb&eacute;m. O Brasil tem entre 600 e 700 jornais di&aacute;rios, mas h&aacute; poucos ve&iacute;culos de comunica&ccedil;&atilde;o que s&atilde;o realmente independentes.<\/p>\n<p><strong>Os meios de comunica&ccedil;&atilde;o de massa brasileiros, em especial a televis&atilde;o, t&ecirc;m efetivamente contribu&iacute;do para um avan&ccedil;o na participa&ccedil;&atilde;o pol&iacute;tica da popula&ccedil;&atilde;o?<br \/><\/strong>O r&aacute;dio e a televis&atilde;o s&atilde;o os meios de comunica&ccedil;&atilde;o mais significativos que temos. Existe a quest&atilde;o da hegemonia, como &eacute; o caso da Rede Globo. Mas n&atilde;o vejo esse dom&iacute;nio como algo totalmente ruim. A Rede Globo &eacute;, certamente, um fator de civiliza&ccedil;&atilde;o em grande parte do pa&iacute;s. Devido &agrave; organiza&ccedil;&atilde;o em rede, algumas not&iacute;cias podem ser divulgadas em &acirc;mbito nacional. Um exemplo &eacute; o caso do esc&acirc;ndalo recente no governo do Maranh&atilde;o. Se dependesse das TVs locais, os maranhenses nunca saberiam o que aconteceu. S&oacute; souberam porque saiu no Jornal Nacional. A not&iacute;cia teve de vir de fora. Ou seja, embora esse dom&iacute;nio da Rede Globo seja criticado por muitos, essa presen&ccedil;a massiva &eacute; ben&eacute;fica em certas circunst&acirc;ncias. E as pessoas s&oacute; podem aperfei&ccedil;oar sua opini&atilde;o sobre o que acontece na sociedade se forem bem informadas. <\/p>\n<p><strong>Como o senhor avalia o hor&aacute;rio pol&iacute;tico obrigat&oacute;rio nas redes de r&aacute;dio e televis&atilde;o?<br \/><\/strong>O hor&aacute;rio pol&iacute;tico obrigat&oacute;rio n&atilde;o esclarece e por uma raz&atilde;o &oacute;bvia: n&atilde;o h&aacute; o contradit&oacute;rio. H&aacute; car&ecirc;ncia de informa&ccedil;&atilde;o para a escolha dos cargos de vereador e deputado. Essa informa&ccedil;&atilde;o chega muito mal ao eleitor. Eu n&atilde;o acredito que a televis&atilde;o possa fazer alguma coisa para mudar isso. Vou morrer sem ver a televis&atilde;o investir no contradit&oacute;rio. Porque o contradit&oacute;rio, no Brasil, &eacute; visto como algo feio. As elei&ccedil;&otilde;es se resolvem pelo marketing e me parece que s&atilde;o decididas pelos marqueteiros. S&oacute; que o marketing eleitoral &eacute;, basicamente, mentiroso. Procura injetar uma mentira. E se a popula&ccedil;&atilde;o vota sem discutir, votar&aacute; mal.<\/p>\n<p><strong>De que forma a televis&atilde;o pode inserir, em sua grade cotidiana, programas que contribuam para ampliar o debate democr&aacute;tico no pa&iacute;s? <br \/><\/strong>N&atilde;o sei, vejo muito pouco a televis&atilde;o hoje, s&oacute; assisto besteira. Mas talvez investir em debates, not&iacute;cias. E n&atilde;o achar que a discuss&atilde;o &eacute; feia. A comunica&ccedil;&atilde;o tanto &eacute; melhor quanto mais gente incomoda. A tend&ecirc;ncia dos dirigentes de TV &eacute; evitar o controverso. Nunca vou assistir num canal aberto uma discuss&atilde;o sobre ate&iacute;smo, por exemplo. Queria ver. Chama um padre, um estudioso e um ateu. N&atilde;o vai acontecer isso na televis&atilde;o, porque h&aacute; um enorme receio de perder p&uacute;blico ao cobrir assuntos controversos. A mentalidade &eacute; muito tacanha, dominada pela publicidade. A atitude &eacute; de vender a informa&ccedil;&atilde;o, mas informa&ccedil;&atilde;o n&atilde;o deve ser vendida.<\/p>\n<p><strong>A Transpar&ecirc;ncia Brasil recebeu o Pr&ecirc;mio Esso de Jornalismo na categoria Melhor Contribui&ccedil;&atilde;o &agrave; Imprensa, em 2007. &Eacute; uma prova de que a imprensa ainda depende de ferramentas externas para avaliar os pol&iacute;ticos?<br \/><\/strong>A informa&ccedil;&atilde;o em estado bruto n&atilde;o serve para nada. H&aacute; um emissor, que no caso dos assuntos pol&iacute;ticos, &eacute; o Estado. Para que a informa&ccedil;&atilde;o seja intelig&iacute;vel, algu&eacute;m precisa process&aacute;-la. Os jornalistas precisam desses &ldquo;int&eacute;rpretes da not&iacute;cia&rdquo; e, muitas vezes, a pr&oacute;pria m&iacute;dia faz esse papel. O jornalismo brasileiro &eacute; meramente declarat&oacute;rio. Fulano diz isso e ciclano diz aquilo. Mas o que isso quer dizer? O jornalista tem dificuldade em entender a situa&ccedil;&atilde;o. E as faculdades n&atilde;o contribuem em nada para a forma&ccedil;&atilde;o desse profissional. Sem contar o agravante que temos em munic&iacute;pios menores, em que o jornalista acumula a fun&ccedil;&atilde;o de assessor de imprensa de &oacute;rg&atilde;os estatais. A ferramenta Excel&ecirc;ncias, criada pela Transpar&ecirc;ncia Brasil [que re&uacute;ne informa&ccedil;&otilde;es sobre a atua&ccedil;&atilde;o dos pol&iacute;ticos brasileiros], &eacute; usada por jornalistas, mas mesmo eles t&ecirc;m dificuldades em explor&aacute;-la al&eacute;m da superf&iacute;cie. Claro que os jornalistas s&atilde;o nosso p&uacute;blico priorit&aacute;rio, porque a imprensa &eacute; multiplicadora, mas n&atilde;o se restringe a eles. Pensamos que &eacute; &uacute;til para o eleitor.<\/p>\n","protected":false},"excerpt":{"rendered":"<p>Diretor da Transpar\u00eancia Brasil fala de m\u00eddia e amadurecimento da democracia<\/p>\n","protected":false},"author":1,"featured_media":0,"comment_status":"open","ping_status":"open","sticky":false,"template":"","format":"standard","meta":{"footnotes":""},"categories":[43],"tags":[861],"_links":{"self":[{"href":"https:\/\/obscom.intervozes.org.br\/index.php?rest_route=\/wp\/v2\/posts\/21828"}],"collection":[{"href":"https:\/\/obscom.intervozes.org.br\/index.php?rest_route=\/wp\/v2\/posts"}],"about":[{"href":"https:\/\/obscom.intervozes.org.br\/index.php?rest_route=\/wp\/v2\/types\/post"}],"author":[{"embeddable":true,"href":"https:\/\/obscom.intervozes.org.br\/index.php?rest_route=\/wp\/v2\/users\/1"}],"replies":[{"embeddable":true,"href":"https:\/\/obscom.intervozes.org.br\/index.php?rest_route=%2Fwp%2Fv2%2Fcomments&post=21828"}],"version-history":[{"count":0,"href":"https:\/\/obscom.intervozes.org.br\/index.php?rest_route=\/wp\/v2\/posts\/21828\/revisions"}],"wp:attachment":[{"href":"https:\/\/obscom.intervozes.org.br\/index.php?rest_route=%2Fwp%2Fv2%2Fmedia&parent=21828"}],"wp:term":[{"taxonomy":"category","embeddable":true,"href":"https:\/\/obscom.intervozes.org.br\/index.php?rest_route=%2Fwp%2Fv2%2Fcategories&post=21828"},{"taxonomy":"post_tag","embeddable":true,"href":"https:\/\/obscom.intervozes.org.br\/index.php?rest_route=%2Fwp%2Fv2%2Ftags&post=21828"}],"curies":[{"name":"wp","href":"https:\/\/api.w.org\/{rel}","templated":true}]}}