{"id":21827,"date":"2008-09-18T17:09:27","date_gmt":"2008-09-18T17:09:27","guid":{"rendered":"https:\/\/obscom.intervozes.org.br\/wordpress\/?p=21827"},"modified":"2008-09-18T17:09:27","modified_gmt":"2008-09-18T17:09:27","slug":"consulta-sobre-politica-de-telecom-e-encerrada-com-apenas-142-sugestoes","status":"publish","type":"post","link":"https:\/\/obscom.intervozes.org.br\/?p=21827","title":{"rendered":"Consulta sobre pol\u00edtica de telecom \u00e9 encerrada com apenas 142 sugest\u00f5es"},"content":{"rendered":"<p>   \t \t \t \t \t<!-- \t\t@page { margin: 2cm } \t\tP { margin-bottom: 0.21cm } \t--> \t  <\/p>\n<p style=\"margin-bottom: 0cm\" class=\"western padrao\">A segunda etapa da consulta p&uacute;blica sobre pol&iacute;ticas de telecomunica&ccedil;&otilde;es, do Minist&eacute;rio das Comunica&ccedil;&otilde;es, encerrada na segunda-feira, recebeu apenas 142 coment&aacute;rios para as 21 perguntas que compunham o texto original. Na primeira fase foram obtidas 2.632 sugest&otilde;es.<\/p>\n<p>O tema competi&ccedil;&atilde;o continuou o mais concorrido, com 50% das contribui&ccedil;&otilde;es; a universaliza&ccedil;&atilde;o ficou com 25% dos coment&aacute;rios; as pol&iacute;ticas industrial e de telecomunica&ccedil;&otilde;es obtiveram 10% das sugest&otilde;es; e os outros assuntos, ficaram com 15% dos coment&aacute;rios.<\/p>\n<p>A Telef&ocirc;nica apresentou o maior n&uacute;mero de coment&aacute;rios (22), seguida da Net (20) e da Abranet (18). A Embratel apresentou seis sugest&otilde;es e a Claro apresentou cinco. As demais contribui&ccedil;&otilde;es foram de outras empresas e de cidad&atilde;os. A Telef&ocirc;nica defende, entre outras coisas, a atua&ccedil;&atilde;o das operadoras como provedoras de internet, a manuten&ccedil;&atilde;o do equil&iacute;brio econ&ocirc;mico e financeiro das concess&otilde;es para garantir novos investimentos e a participa&ccedil;&atilde;o das teles no servi&ccedil;o de TV por assinatura.<\/p>\n<p>A Embratel pede tarifas de interconex&atilde;o ison&ocirc;micas, mesmo para as operadoras que n&atilde;o tenham rede; a Claro defende redu&ccedil;&atilde;o de tributos; a Net quer usar recursos do Fust em projetos de universaliza&ccedil;&atilde;o; e a Abranet v&ecirc; a entrada das teles como provedoras da internet como um &oacute;bice a atua&ccedil;&atilde;o das pequenas empresas do setor.<\/p>\n<p>Ap&oacute;s essa segunda etapa, ser&aacute; elaborado um documento com tudo o que foi obtido nas duas consultas p&uacute;blicas e discutido entre os t&eacute;cnicos do Minicom e dos outros &oacute;rg&atilde;os governamentais, como Casa Civil e Anatel.<\/p>\n<p>A fase seguinte &eacute; debater as propostas resultantes em cinco audi&ecirc;ncias p&uacute;blicas a serem realizadas em cidades de cada uma das regi&otilde;es do pa&iacute;s. E os resultados de todo o processo ser&atilde;o encaminhados por atos adequados a cada proposta, como portarias, decretos, projetos de leis. Se n&atilde;o for prorrogada, a previs&atilde;o &eacute; de que todo o processo seja completado entre final de novembro e in&iacute;cio de dezembro.<\/p>\n","protected":false},"excerpt":{"rendered":"<p>A segunda etapa da consulta p&uacute;blica sobre pol&iacute;ticas de telecomunica&ccedil;&otilde;es, do Minist&eacute;rio das Comunica&ccedil;&otilde;es, encerrada na segunda-feira, recebeu apenas 142 coment&aacute;rios para as 21 perguntas que compunham o texto original. Na primeira fase foram obtidas 2.632 sugest&otilde;es. O tema competi&ccedil;&atilde;o continuou o mais concorrido, com 50% das contribui&ccedil;&otilde;es; a universaliza&ccedil;&atilde;o ficou com 25% dos coment&aacute;rios; &hellip; <a href=\"https:\/\/obscom.intervozes.org.br\/?p=21827\" class=\"more-link\">Continue lendo <span class=\"screen-reader-text\">Consulta sobre pol\u00edtica de telecom \u00e9 encerrada com apenas 142 sugest\u00f5es<\/span> <span class=\"meta-nav\">&rarr;<\/span><\/a><\/p>\n","protected":false},"author":1,"featured_media":0,"comment_status":"open","ping_status":"open","sticky":false,"template":"","format":"standard","meta":{"footnotes":""},"categories":[40],"tags":[81],"_links":{"self":[{"href":"https:\/\/obscom.intervozes.org.br\/index.php?rest_route=\/wp\/v2\/posts\/21827"}],"collection":[{"href":"https:\/\/obscom.intervozes.org.br\/index.php?rest_route=\/wp\/v2\/posts"}],"about":[{"href":"https:\/\/obscom.intervozes.org.br\/index.php?rest_route=\/wp\/v2\/types\/post"}],"author":[{"embeddable":true,"href":"https:\/\/obscom.intervozes.org.br\/index.php?rest_route=\/wp\/v2\/users\/1"}],"replies":[{"embeddable":true,"href":"https:\/\/obscom.intervozes.org.br\/index.php?rest_route=%2Fwp%2Fv2%2Fcomments&post=21827"}],"version-history":[{"count":0,"href":"https:\/\/obscom.intervozes.org.br\/index.php?rest_route=\/wp\/v2\/posts\/21827\/revisions"}],"wp:attachment":[{"href":"https:\/\/obscom.intervozes.org.br\/index.php?rest_route=%2Fwp%2Fv2%2Fmedia&parent=21827"}],"wp:term":[{"taxonomy":"category","embeddable":true,"href":"https:\/\/obscom.intervozes.org.br\/index.php?rest_route=%2Fwp%2Fv2%2Fcategories&post=21827"},{"taxonomy":"post_tag","embeddable":true,"href":"https:\/\/obscom.intervozes.org.br\/index.php?rest_route=%2Fwp%2Fv2%2Ftags&post=21827"}],"curies":[{"name":"wp","href":"https:\/\/api.w.org\/{rel}","templated":true}]}}