{"id":21826,"date":"2008-09-18T16:30:27","date_gmt":"2008-09-18T16:30:27","guid":{"rendered":"https:\/\/obscom.intervozes.org.br\/wordpress\/?p=21826"},"modified":"2008-09-18T16:30:27","modified_gmt":"2008-09-18T16:30:27","slug":"jornalistas-realizam-ato-em-defesa-do-diploma-obrigatorio","status":"publish","type":"post","link":"https:\/\/obscom.intervozes.org.br\/?p=21826","title":{"rendered":"Jornalistas realizam ato em defesa do diploma obrigat\u00f3rio"},"content":{"rendered":"<p>   \t \t \t \t \t<!-- \t\t@page { margin: 2cm } \t\tP { margin-bottom: 0.21cm } \t--> \t  <\/p>\n<p style=\"margin-bottom: 0cm\" class=\"western padrao\">Desde 2001, a Justi&ccedil;a virou o palco da disputa por um aspecto central da regulamenta&ccedil;&atilde;o da profiss&atilde;o de jornalista: a obrigatoriedade da forma&ccedil;&atilde;o superior como condi&ccedil;&atilde;o ao exerc&iacute;cio da atividade. Neste ano, uma liminar da ju&iacute;za Carla Rister derrubou a exig&ecirc;ncia. Desde ent&atilde;o, o debate vem correndo dentro do Judici&aacute;rio dividindo opini&otilde;es entre os magistrados. Em 2006, o presidente do Supremo Tribunal Federal (STF), Gilmar Mendes, emitiu nova decis&atilde;o anulando esta condi&ccedil;&atilde;o para o acesso &agrave; profiss&atilde;o. Ap&oacute;s passar por diversas inst&acirc;ncias, a discuss&atilde;o chega agora ao seu &uacute;ltimo cap&iacute;tulo ao entrar na pauta do STF para ser julgada neste segundo semestre.<\/p>\n<p>Para sensibilizar os ju&iacute;zes do Supremo, a Federa&ccedil;&atilde;o Nacional dos Jornalistas (Fenaj) e os 31 sindicatos de jornalistas associados a ela realizaram nesta quarta-feira (17) manifesta&ccedil;&atilde;o em frente ao Tribunal. Al&eacute;m das faixas e de um apita&ccedil;o, os representantes da Fenaj entregaram ao secret&aacute;rio-geral do &oacute;rg&atilde;o, Luciano Fuchs, abaixo-assinado com 20 mil assinaturas e manifesta&ccedil;&otilde;es de apoio obtidas junto a entidades da sociedade civil. <\/p>\n<p>No encontro, o representante do STF afirmou que o tema &eacute; prioridade para o pleno dos ministros, mas n&atilde;o indicou a data do julgamento. A expectativa do presidente da Fenaj, S&eacute;rgio Murilo de Andrade, &eacute; que ele deve ocorrer na primeira quinzena de outubro, uma vez que h&aacute; uma pauta extensa para o final deste m&ecirc;s de setembro. <\/p>\n<p>Na avalia&ccedil;&atilde;o da dire&ccedil;&atilde;o da Fenaj, atualmente a correla&ccedil;&atilde;o de for&ccedil;as &eacute; mais favor&aacute;vel &agrave; posi&ccedil;&atilde;o defendida pelos sindicalistas. Dos 11 ministros, a maioria estaria mais pr&oacute;xima &agrave; concord&acirc;ncia com a import&acirc;ncia da exig&ecirc;ncia de forma&ccedil;&atilde;o superior para a atividade jornal&iacute;stica. O problema est&aacute; na posi&ccedil;&atilde;o cr&iacute;tica do relator da mat&eacute;ria e presidente do Supremo, Gilmar Mendes, e na incerteza sobre como seu voto pode influenciar o restante do pleno.<\/p>\n<p><strong>Legalidade e legitimidade<\/strong><\/p>\n<p>O Supremo ir&aacute; julgar dois aspectos da obrigatoriedade do diploma. Do ponto de vista legal, os ju&iacute;zes v&atilde;o debater se o Decreto-Lei 972 de 1969, que instituiu o crit&eacute;rio, pode ser considerado v&aacute;lido e constitucional. Em rela&ccedil;&atilde;o &agrave; legitimidade da exig&ecirc;ncia, ser&aacute; avaliado se ela conflita ou n&atilde;o com o princ&iacute;pio da liberdade de express&atilde;o estabelecido pela Constitui&ccedil;&atilde;o Federal. <\/p>\n<p>Os jornalistas buscam sensibilizar os ministros de que o Decreto-Lei seria legal pelo fato de um conjunto de outras normas semelhantes serem consideradas v&aacute;lidas embora n&atilde;o tenham sido incorporadas pela Carta Magna, e que tamb&eacute;m seria leg&iacute;timo por n&atilde;o restringir a livre express&atilde;o da opini&atilde;o, mas sim estabelece crit&eacute;rios para um tipo especializado de produ&ccedil;&atilde;o de informa&ccedil;&atilde;o. No entanto, h&aacute; resist&ecirc;ncias aos dois argumentos dentro do Supremo, entre entidades da sociedade civil e por parte dos empres&aacute;rios.<\/p>\n<p><strong>Em cima da hora<\/strong><\/p>\n<p>Na reta final do debate legal, surgiu dentro do governo federal uma posi&ccedil;&atilde;o diferente do antagonismo em pauta no Supremo. O ministro da Educa&ccedil;&atilde;o, Fernando Haddad, sugeriu que a regulamenta&ccedil;&atilde;o garantisse o registro profissional a quem tivesse um curso superior acrescido de uma especializa&ccedil;&atilde;o em jornalismo. Assim, qualquer pessoa formada, seja em direito, medicina, sociologia ou qualquer outra carreira, poderia exercer o jornalismo desde que passasse por um curso de forma&ccedil;&atilde;o no tema. <\/p>\n<p>Haddad anunciou que criar&aacute; um grupo de trabalho para apresentar, em 90 dias, uma proposta relativa a esta possibilidade, bem como sobre as diretrizes curriculares para a &aacute;rea. Embora o ministro tenha dito a ve&iacute;culos de m&iacute;dia que sua inten&ccedil;&atilde;o n&atilde;o &eacute; entrar na pol&ecirc;mica em pauta no STF e que a decis&atilde;o do tribunal determinar&aacute; a rela&ccedil;&atilde;o entre a forma&ccedil;&atilde;o e a regulamenta&ccedil;&atilde;o profissional, a proposta &ldquo;complica o meio-de-campo&rdquo; do debate sobre a obrigatoriedade ou n&atilde;o da forma&ccedil;&atilde;o espec&iacute;fica em n&iacute;vel de gradua&ccedil;&atilde;o ao apontar o que poderia ser um caminho intermedi&aacute;rio.<\/p>\n<p>Durante o ato, o presidente da Fenaj, S&eacute;rgio Murilo de Andrade, classificou a proposta como &ldquo;inoportuna&rdquo;. &ldquo;&Eacute; leg&iacute;timo que o ministro da Educa&ccedil;&atilde;o fa&ccedil;a qualquer proposta, mas sua apresenta&ccedil;&atilde;o agora n&atilde;o ajuda. Se h&aacute; uma contribui&ccedil;&atilde;o do MEC, ela deve ser enviada ao grupo de trabalho do Minist&eacute;rio do Trabalho e Emprego que est&aacute; discutindo a regulamenta&ccedil;&atilde;o profissional&rdquo;, disse.<\/p>\n<p>O GT &eacute; uma esp&eacute;cie de &ldquo;plano B&rdquo; para os sindicalistas. A inten&ccedil;&atilde;o &eacute; que seu resultado seja um projeto de lei de nova regulamenta&ccedil;&atilde;o que instituiria por lei a obrigatoriedade do diploma. A eventual aprova&ccedil;&atilde;o deste PL resolveria o questionamento sobre a legalidade do Decreto-Lei que institui a exig&ecirc;ncia da forma&ccedil;&atilde;o superior. J&aacute; se o julgamento definir pela inconstitucionalidade da norma por conta do seu conflito com o direito de liberdade de express&atilde;o, a&iacute; n&atilde;o seria poss&iacute;vel aprovar qualquer lei com este crit&eacute;rio de admiss&atilde;o &agrave; profiss&atilde;o, o que reabriria o debate sobre as condi&ccedil;&otilde;es para se tornar jornalista.<\/p>\n","protected":false},"excerpt":{"rendered":"<p>Ato tenta influenciar decis\u00e3o do STF; debate ganhou novo elemento com proposta do MEC de permitir que graduado em qualquer carreira possa ser jornalista, desde que tenha tamb\u00e9m uma especializa\u00e7\u00e3o<\/p>\n","protected":false},"author":1,"featured_media":0,"comment_status":"open","ping_status":"open","sticky":false,"template":"","format":"standard","meta":{"footnotes":""},"categories":[40],"tags":[860],"_links":{"self":[{"href":"https:\/\/obscom.intervozes.org.br\/index.php?rest_route=\/wp\/v2\/posts\/21826"}],"collection":[{"href":"https:\/\/obscom.intervozes.org.br\/index.php?rest_route=\/wp\/v2\/posts"}],"about":[{"href":"https:\/\/obscom.intervozes.org.br\/index.php?rest_route=\/wp\/v2\/types\/post"}],"author":[{"embeddable":true,"href":"https:\/\/obscom.intervozes.org.br\/index.php?rest_route=\/wp\/v2\/users\/1"}],"replies":[{"embeddable":true,"href":"https:\/\/obscom.intervozes.org.br\/index.php?rest_route=%2Fwp%2Fv2%2Fcomments&post=21826"}],"version-history":[{"count":0,"href":"https:\/\/obscom.intervozes.org.br\/index.php?rest_route=\/wp\/v2\/posts\/21826\/revisions"}],"wp:attachment":[{"href":"https:\/\/obscom.intervozes.org.br\/index.php?rest_route=%2Fwp%2Fv2%2Fmedia&parent=21826"}],"wp:term":[{"taxonomy":"category","embeddable":true,"href":"https:\/\/obscom.intervozes.org.br\/index.php?rest_route=%2Fwp%2Fv2%2Fcategories&post=21826"},{"taxonomy":"post_tag","embeddable":true,"href":"https:\/\/obscom.intervozes.org.br\/index.php?rest_route=%2Fwp%2Fv2%2Ftags&post=21826"}],"curies":[{"name":"wp","href":"https:\/\/api.w.org\/{rel}","templated":true}]}}