{"id":21825,"date":"2008-09-18T15:28:03","date_gmt":"2008-09-18T15:28:03","guid":{"rendered":"https:\/\/obscom.intervozes.org.br\/wordpress\/?p=21825"},"modified":"2008-09-18T15:28:03","modified_gmt":"2008-09-18T15:28:03","slug":"evangelicos-querem-comprar-espaco-no-sbt-rede-tv-e-campea-de-aluguel-de-espaco","status":"publish","type":"post","link":"https:\/\/obscom.intervozes.org.br\/?p=21825","title":{"rendered":"Evang\u00e9licos querem comprar espa\u00e7o no SBT; Rede TV! \u00e9 &#8216;campe\u00e3&#8217; de aluguel de espa\u00e7o"},"content":{"rendered":"<p>   \t \t \t \t \t<!-- \t\t@page { margin: 2cm } \t\tP { margin-bottom: 0.21cm } \t--> \t  <\/p>\n<p style=\"margin-bottom: 0cm\" class=\"western padrao\"><u><strong>Reproduzido da coluna Outro Canal, da Folha de S. Paulo<\/strong><\/u><\/p>\n<p>Depois de arrendarem a madrugada da Band, os evang&eacute;licos est&atilde;o partindo para cima do SBT, &uacute;nica rede que n&atilde;o tem programa&ccedil;&atilde;o religiosa. A TV de Silvio Santos j&aacute; recebeu pelo menos uma proposta de igreja. Partiu do mission&aacute;rio R.R. Soares, que paga R$ 4 milh&otilde;es mensais por 60 minutos no hor&aacute;rio nobre da Band. Como seu contrato com a Band vence no final do ano e a rede acaba de locar sua madrugada para o concorrente Silas Malafaia, Soares busca alternativas.<\/p>\n<p>A negocia&ccedil;&atilde;o de Soares com o SBT, no entanto, n&atilde;o deve prosperar. Executivos da rede at&eacute; aceitam conversar com evang&eacute;licos, mas Silvio Santos, por enquanto, resiste.<\/p>\n<p>J&aacute; a Band se abriu de vez para o mercado da f&eacute;. No m&ecirc;s passado, vendeu 22 horas da grade da Rede 21, emissora do mesmo grupo, para a Igreja Mundial do Poder de Deus. O neg&oacute;cio dever&aacute; render &agrave; TV R$ 420 milh&otilde;es nos pr&oacute;ximos cinco anos.<\/p>\n<p>Desde o &uacute;ltimo dia 1&ordm;, o Minist&eacute;rio Silas Malafaia (Assembl&eacute;ia de Deus) ocupa a grade da Band da 1h30 &agrave;s 7h. Pagar&aacute; cerca de R$ 7 milh&otilde;es por m&ecirc;s <u><strong>&#8211; <\/strong><\/u>ou R$ 336 milh&otilde;es em quatro anos (dura&ccedil;&atilde;o do contrato).<\/p>\n<p>Com o neg&oacute;cio, a Band tem hoje 40 horas e 30 minutos de programa&ccedil;&atilde;o religiosa por semana, apenas tr&ecirc;s a menos do que a Record, que pertence &agrave; Igreja Universal. A campe&atilde; de aluguel de hor&aacute;rio a igrejas &eacute; a Rede TV!. Tem 58 horas semanais de ora&ccedil;&otilde;es e exorcismos.<\/p>\n<p style=\"margin-bottom: 0cm\" class=\"western\"><span class=\"padrao\"><br \/><\/span> <\/p>\n","protected":false},"excerpt":{"rendered":"<p>Reproduzido da coluna Outro Canal, da Folha de S. Paulo Depois de arrendarem a madrugada da Band, os evang&eacute;licos est&atilde;o partindo para cima do SBT, &uacute;nica rede que n&atilde;o tem programa&ccedil;&atilde;o religiosa. A TV de Silvio Santos j&aacute; recebeu pelo menos uma proposta de igreja. Partiu do mission&aacute;rio R.R. Soares, que paga R$ 4 milh&otilde;es &hellip; <a href=\"https:\/\/obscom.intervozes.org.br\/?p=21825\" class=\"more-link\">Continue lendo <span class=\"screen-reader-text\">Evang\u00e9licos querem comprar espa\u00e7o no SBT; Rede TV! \u00e9 &#8216;campe\u00e3&#8217; de aluguel de espa\u00e7o<\/span> <span class=\"meta-nav\">&rarr;<\/span><\/a><\/p>\n","protected":false},"author":1,"featured_media":0,"comment_status":"open","ping_status":"open","sticky":false,"template":"","format":"standard","meta":{"footnotes":""},"categories":[39],"tags":[],"_links":{"self":[{"href":"https:\/\/obscom.intervozes.org.br\/index.php?rest_route=\/wp\/v2\/posts\/21825"}],"collection":[{"href":"https:\/\/obscom.intervozes.org.br\/index.php?rest_route=\/wp\/v2\/posts"}],"about":[{"href":"https:\/\/obscom.intervozes.org.br\/index.php?rest_route=\/wp\/v2\/types\/post"}],"author":[{"embeddable":true,"href":"https:\/\/obscom.intervozes.org.br\/index.php?rest_route=\/wp\/v2\/users\/1"}],"replies":[{"embeddable":true,"href":"https:\/\/obscom.intervozes.org.br\/index.php?rest_route=%2Fwp%2Fv2%2Fcomments&post=21825"}],"version-history":[{"count":0,"href":"https:\/\/obscom.intervozes.org.br\/index.php?rest_route=\/wp\/v2\/posts\/21825\/revisions"}],"wp:attachment":[{"href":"https:\/\/obscom.intervozes.org.br\/index.php?rest_route=%2Fwp%2Fv2%2Fmedia&parent=21825"}],"wp:term":[{"taxonomy":"category","embeddable":true,"href":"https:\/\/obscom.intervozes.org.br\/index.php?rest_route=%2Fwp%2Fv2%2Fcategories&post=21825"},{"taxonomy":"post_tag","embeddable":true,"href":"https:\/\/obscom.intervozes.org.br\/index.php?rest_route=%2Fwp%2Fv2%2Ftags&post=21825"}],"curies":[{"name":"wp","href":"https:\/\/api.w.org\/{rel}","templated":true}]}}