{"id":21824,"date":"2008-09-18T15:24:46","date_gmt":"2008-09-18T15:24:46","guid":{"rendered":"https:\/\/obscom.intervozes.org.br\/wordpress\/?p=21824"},"modified":"2008-09-18T15:24:46","modified_gmt":"2008-09-18T15:24:46","slug":"secretaria-de-cultura-da-bahia-lanca-editais-para-producoes-em-radio-e-tv","status":"publish","type":"post","link":"https:\/\/obscom.intervozes.org.br\/?p=21824","title":{"rendered":"Secretaria de Cultura da Bahia lan\u00e7a editais para produ\u00e7\u00f5es em r\u00e1dio e TV"},"content":{"rendered":"<p>   \t \t \t \t \t<!-- \t\t@page { margin: 2cm } \t\tP { margin-bottom: 0.21cm } \t--> \t     <\/p>\n<p style=\"margin-bottom: 0cm\" class=\"western padrao\">A Secretaria de Cultura e o Instituto de Radiodifus&atilde;o Educativa da Bahia acabam de lan&ccedil;ar tr&ecirc;s editais in&eacute;ditos de fomento &agrave; produ&ccedil;&atilde;o independente para r&aacute;dio e TV. No total, ser&atilde;o investidos R$ 440 mil do Fundo de Cultura. O prazo de inscri&ccedil;&atilde;o vai at&eacute; 31 de outubro.<\/p>\n<p>A produ&ccedil;&atilde;o radiof&ocirc;nica foi contemplada com dois editais de apoio que somam R$ 190 mil em pr&ecirc;mios. A sele&ccedil;&atilde;o de projetos tem por objetivo estimular a produ&ccedil;&atilde;o independente e valorizar temas e personagens hist&oacute;ricos, al&eacute;m de diversificar a programa&ccedil;&atilde;o da R&aacute;dio Educadora FM 107.5.<\/p>\n<p>O terceiro edital ir&aacute; fomentar a cria&ccedil;&atilde;o de programas-piloto para a televis&atilde;o selecionar&aacute;, pelo menos, cinco obras audiovisuais in&eacute;ditas, com dura&ccedil;&atilde;o de 26 minutos ou 52 minutos, at&eacute; o valor m&aacute;ximo individual de R$ 50 mil.<\/p>\n<p><a href=\"http:\/\/www.irdeb.ba.gov.br\/editais.html\">Veja aqui os editais completos.<\/a> <\/p>\n","protected":false},"excerpt":{"rendered":"<p>A Secretaria de Cultura e o Instituto de Radiodifus&atilde;o Educativa da Bahia acabam de lan&ccedil;ar tr&ecirc;s editais in&eacute;ditos de fomento &agrave; produ&ccedil;&atilde;o independente para r&aacute;dio e TV. No total, ser&atilde;o investidos R$ 440 mil do Fundo de Cultura. O prazo de inscri&ccedil;&atilde;o vai at&eacute; 31 de outubro. A produ&ccedil;&atilde;o radiof&ocirc;nica foi contemplada com dois editais &hellip; <a href=\"https:\/\/obscom.intervozes.org.br\/?p=21824\" class=\"more-link\">Continue lendo <span class=\"screen-reader-text\">Secretaria de Cultura da Bahia lan\u00e7a editais para produ\u00e7\u00f5es em r\u00e1dio e TV<\/span> <span class=\"meta-nav\">&rarr;<\/span><\/a><\/p>\n","protected":false},"author":1,"featured_media":0,"comment_status":"open","ping_status":"open","sticky":false,"template":"","format":"standard","meta":{"footnotes":""},"categories":[39],"tags":[],"_links":{"self":[{"href":"https:\/\/obscom.intervozes.org.br\/index.php?rest_route=\/wp\/v2\/posts\/21824"}],"collection":[{"href":"https:\/\/obscom.intervozes.org.br\/index.php?rest_route=\/wp\/v2\/posts"}],"about":[{"href":"https:\/\/obscom.intervozes.org.br\/index.php?rest_route=\/wp\/v2\/types\/post"}],"author":[{"embeddable":true,"href":"https:\/\/obscom.intervozes.org.br\/index.php?rest_route=\/wp\/v2\/users\/1"}],"replies":[{"embeddable":true,"href":"https:\/\/obscom.intervozes.org.br\/index.php?rest_route=%2Fwp%2Fv2%2Fcomments&post=21824"}],"version-history":[{"count":0,"href":"https:\/\/obscom.intervozes.org.br\/index.php?rest_route=\/wp\/v2\/posts\/21824\/revisions"}],"wp:attachment":[{"href":"https:\/\/obscom.intervozes.org.br\/index.php?rest_route=%2Fwp%2Fv2%2Fmedia&parent=21824"}],"wp:term":[{"taxonomy":"category","embeddable":true,"href":"https:\/\/obscom.intervozes.org.br\/index.php?rest_route=%2Fwp%2Fv2%2Fcategories&post=21824"},{"taxonomy":"post_tag","embeddable":true,"href":"https:\/\/obscom.intervozes.org.br\/index.php?rest_route=%2Fwp%2Fv2%2Ftags&post=21824"}],"curies":[{"name":"wp","href":"https:\/\/api.w.org\/{rel}","templated":true}]}}