{"id":21820,"date":"2008-09-17T20:08:20","date_gmt":"2008-09-17T20:08:20","guid":{"rendered":"https:\/\/obscom.intervozes.org.br\/wordpress\/?p=21820"},"modified":"2008-09-17T20:08:20","modified_gmt":"2008-09-17T20:08:20","slug":"organizacao-denuncia-casseta-planeta-por-discriminacao-contra-pessoas-com-deficiencia","status":"publish","type":"post","link":"https:\/\/obscom.intervozes.org.br\/?p=21820","title":{"rendered":"Organiza\u00e7\u00e3o denuncia Casseta &#038; Planeta por discrimina\u00e7\u00e3o contra pessoas com defici\u00eancia"},"content":{"rendered":"<p><span class=\"padrao\">A ONG Identidade &#8211; Grupo de A&ccedil;&atilde;o pela Cidadania de L&eacute;sbicas, Gays, Travestis, Transexuais e Bissexuais apresentou den&uacute;ncia ao Minist&eacute;rio P&uacute;blico contra o programa Casseta &amp; Planeta por pr&aacute;tica de discrimina&ccedil;&atilde;o contra pessoas com defici&ecirc;ncia. No quadro denunciado pela organiza&ccedil;&atilde;o, os humoristas da Rede Globo apresentam o candidato &quot;Tinoco, o homem toco&quot;, um ator apresentado como deficiente f&iacute;sico, sem as duas m&atilde;os e as duas pernas. Tinoco promete que &quot;n&atilde;o vai meter a m&atilde;o&quot; e diz que &quot;se roubar, n&atilde;o vou poder fugir&quot;.<\/p>\n<p>Na den&uacute;ncia, entregue &agrave; procuradora Adriana da Silva Fernandes (MP-SP), o grupo Identidade afirma que o quadro &eacute; motivo de indigna&ccedil;&atilde;o e que &quot;um programa de humor que ao fazer &#39;chacota&#39; de uma pessoa com defici&ecirc;ncia agride n&atilde;o apenas a imensa popula&ccedil;&atilde;o deste segmento de nossa sociedade, mas todas e todos que lutam contra qualquer forma de discrimina&ccedil;&atilde;o&quot;.<\/p>\n<p>Para ser transformada em a&ccedil;&atilde;o civil p&uacute;blica, o Minist&eacute;rio P&uacute;blico precisa acatar a den&uacute;ncia e ouvir as explica&ccedil;&otilde;es da denunciada, a Rede Globo.<\/span><\/p>\n","protected":false},"excerpt":{"rendered":"<p>A ONG Identidade &#8211; Grupo de A&ccedil;&atilde;o pela Cidadania de L&eacute;sbicas, Gays, Travestis, Transexuais e Bissexuais apresentou den&uacute;ncia ao Minist&eacute;rio P&uacute;blico contra o programa Casseta &amp; Planeta por pr&aacute;tica de discrimina&ccedil;&atilde;o contra pessoas com defici&ecirc;ncia. No quadro denunciado pela organiza&ccedil;&atilde;o, os humoristas da Rede Globo apresentam o candidato &quot;Tinoco, o homem toco&quot;, um ator apresentado &hellip; <a href=\"https:\/\/obscom.intervozes.org.br\/?p=21820\" class=\"more-link\">Continue lendo <span class=\"screen-reader-text\">Organiza\u00e7\u00e3o denuncia Casseta &#038; Planeta por discrimina\u00e7\u00e3o contra pessoas com defici\u00eancia<\/span> <span class=\"meta-nav\">&rarr;<\/span><\/a><\/p>\n","protected":false},"author":1,"featured_media":0,"comment_status":"open","ping_status":"open","sticky":false,"template":"","format":"standard","meta":{"footnotes":""},"categories":[39],"tags":[],"_links":{"self":[{"href":"https:\/\/obscom.intervozes.org.br\/index.php?rest_route=\/wp\/v2\/posts\/21820"}],"collection":[{"href":"https:\/\/obscom.intervozes.org.br\/index.php?rest_route=\/wp\/v2\/posts"}],"about":[{"href":"https:\/\/obscom.intervozes.org.br\/index.php?rest_route=\/wp\/v2\/types\/post"}],"author":[{"embeddable":true,"href":"https:\/\/obscom.intervozes.org.br\/index.php?rest_route=\/wp\/v2\/users\/1"}],"replies":[{"embeddable":true,"href":"https:\/\/obscom.intervozes.org.br\/index.php?rest_route=%2Fwp%2Fv2%2Fcomments&post=21820"}],"version-history":[{"count":0,"href":"https:\/\/obscom.intervozes.org.br\/index.php?rest_route=\/wp\/v2\/posts\/21820\/revisions"}],"wp:attachment":[{"href":"https:\/\/obscom.intervozes.org.br\/index.php?rest_route=%2Fwp%2Fv2%2Fmedia&parent=21820"}],"wp:term":[{"taxonomy":"category","embeddable":true,"href":"https:\/\/obscom.intervozes.org.br\/index.php?rest_route=%2Fwp%2Fv2%2Fcategories&post=21820"},{"taxonomy":"post_tag","embeddable":true,"href":"https:\/\/obscom.intervozes.org.br\/index.php?rest_route=%2Fwp%2Fv2%2Ftags&post=21820"}],"curies":[{"name":"wp","href":"https:\/\/api.w.org\/{rel}","templated":true}]}}