{"id":21807,"date":"2008-09-15T14:56:45","date_gmt":"2008-09-15T14:56:45","guid":{"rendered":"https:\/\/obscom.intervozes.org.br\/wordpress\/?p=21807"},"modified":"2008-09-15T14:56:45","modified_gmt":"2008-09-15T14:56:45","slug":"brasil-discute-adesao-a-convencao-de-cibercrimes","status":"publish","type":"post","link":"https:\/\/obscom.intervozes.org.br\/?p=21807","title":{"rendered":"Brasil discute ades\u00e3o \u00e0 Conven\u00e7\u00e3o de Cibercrimes"},"content":{"rendered":"<p>   \t \t \t \t \t<!-- \t\t@page { margin: 2cm } \t\tP { margin-bottom: 0.21cm } \t--> \t  <\/p>\n<p style=\"margin-bottom: 0cm\" class=\"western padrao\">Depois de aprovar um projeto de lei sobre o combate a crimes eletr&ocirc;nicos, o Senado quer pressionar para a ades&atilde;o do Brasil &agrave; Conven&ccedil;&atilde;o de Cibercrimes. No dia 20 de agosto a Comiss&atilde;o de Rela&ccedil;&otilde;es Exteriores do Senado, por interm&eacute;dio do senador Eduardo Azeredo, solicitou esclarecimentos sobre a posi&ccedil;&atilde;o do Brasil em rela&ccedil;&atilde;o &agrave; Conven&ccedil;&atilde;o.<\/p>\n<p>Prevendo a aprova&ccedil;&atilde;o do projeto de lei na C&acirc;mara dos Deputados, a assessoria de Azeredo argumenta que a ades&atilde;o do Brasil &agrave; Conven&ccedil;&atilde;o permitiria a puni&ccedil;&atilde;o de estrangeiros ou brasileiros localizados fora do pa&iacute;s.<\/p>\n<p style=\"margin-bottom: 0cm\" class=\"western padrao\">Segundo Jos&eacute; Henrique Portugal, assessor de Azeredo, um grupo interministerial atualmente est&aacute; negociando entre os minist&eacute;rios o grau de harmonia do Brasil com a Conven&ccedil;&atilde;o.<\/p>\n<p>O grupo inclui os minist&eacute;rios das Rela&ccedil;&otilde;es Exteriores, da Justi&ccedil;a, de Ci&ecirc;ncia e Tecnologia, do Desenvolvimento e Com&eacute;rcio Exterior, da Cultura, al&eacute;m da Pol&iacute;cia Federal, a Seguran&ccedil;a Institucional da Presid&ecirc;ncia da Rep&uacute;blica e representantes do Senado e da C&acirc;mara dos Deputados.<\/p>\n<p>Portugal informa que o grupo j&aacute; se reuniu tr&ecirc;s vezes e busca identificar na Conven&ccedil;&atilde;o onde s&atilde;o necess&aacute;rias ressalvas ou declara&ccedil;&otilde;es, j&aacute; que, uma vez que assinar o documento, o pa&iacute;s n&atilde;o poder&aacute; fazer mais nenhuma ressalva.<\/p>\n<p>Segundo Portugal, a espectativa &eacute; que uma posi&ccedil;&atilde;o final deste grupo esteja pronta at&eacute; o final de setembro, no entanto, a decis&atilde;o final sobre ades&atilde;o ou n&atilde;o do Brasil caber&aacute; ao Minist&eacute;rio das Rela&ccedil;&otilde;es Exteriores junto com o Minist&eacute;rio da Justi&ccedil;a e a Presid&ecirc;ncia da Rep&uacute;blica.<\/p>\n<p><strong>Ressalvas<\/strong><\/p>\n<p>Sobre os casos em que o Brasil pode apresentar ressalvas &agrave; Conven&ccedil;&atilde;o de Cibercrimes, Portugal destaca a quest&atilde;o do desenvolvimento de c&oacute;digo malicioso que, para a Conven&ccedil;&atilde;o &eacute; considerado crime, mas na legisla&ccedil;&atilde;o brasileira n&atilde;o o &eacute;. Outro exemplo, diz respeito &agrave; diferencia&ccedil;&atilde;o entre provedores de acesso e provedores de servi&ccedil;o. Segundo ele, o projeto de lei que tramita atualmente na C&acirc;mara trata apenas de provedores de acesso, os provedores de servi&ccedil;o estariam exclu&iacute;dos da lei por estarem relacionados ao conte&uacute;do.<\/p>\n<p>Outro ponto que, segundo Portugal, pode ser alvo de ressalvas refere-se aos diretos autorais. O artigo 10 da Conven&ccedil;&atilde;o de Cibercrime trata deste tema, no entanto, j&aacute; existe legisla&ccedil;&atilde;o brasileira sobre o tema.<\/p>\n","protected":false},"excerpt":{"rendered":"<p>Depois de aprovar um projeto de lei sobre o combate a crimes eletr&ocirc;nicos, o Senado quer pressionar para a ades&atilde;o do Brasil &agrave; Conven&ccedil;&atilde;o de Cibercrimes. No dia 20 de agosto a Comiss&atilde;o de Rela&ccedil;&otilde;es Exteriores do Senado, por interm&eacute;dio do senador Eduardo Azeredo, solicitou esclarecimentos sobre a posi&ccedil;&atilde;o do Brasil em rela&ccedil;&atilde;o &agrave; Conven&ccedil;&atilde;o. &hellip; <a href=\"https:\/\/obscom.intervozes.org.br\/?p=21807\" class=\"more-link\">Continue lendo <span class=\"screen-reader-text\">Brasil discute ades\u00e3o \u00e0 Conven\u00e7\u00e3o de Cibercrimes<\/span> <span class=\"meta-nav\">&rarr;<\/span><\/a><\/p>\n","protected":false},"author":1,"featured_media":0,"comment_status":"open","ping_status":"open","sticky":false,"template":"","format":"standard","meta":{"footnotes":""},"categories":[40],"tags":[150],"_links":{"self":[{"href":"https:\/\/obscom.intervozes.org.br\/index.php?rest_route=\/wp\/v2\/posts\/21807"}],"collection":[{"href":"https:\/\/obscom.intervozes.org.br\/index.php?rest_route=\/wp\/v2\/posts"}],"about":[{"href":"https:\/\/obscom.intervozes.org.br\/index.php?rest_route=\/wp\/v2\/types\/post"}],"author":[{"embeddable":true,"href":"https:\/\/obscom.intervozes.org.br\/index.php?rest_route=\/wp\/v2\/users\/1"}],"replies":[{"embeddable":true,"href":"https:\/\/obscom.intervozes.org.br\/index.php?rest_route=%2Fwp%2Fv2%2Fcomments&post=21807"}],"version-history":[{"count":0,"href":"https:\/\/obscom.intervozes.org.br\/index.php?rest_route=\/wp\/v2\/posts\/21807\/revisions"}],"wp:attachment":[{"href":"https:\/\/obscom.intervozes.org.br\/index.php?rest_route=%2Fwp%2Fv2%2Fmedia&parent=21807"}],"wp:term":[{"taxonomy":"category","embeddable":true,"href":"https:\/\/obscom.intervozes.org.br\/index.php?rest_route=%2Fwp%2Fv2%2Fcategories&post=21807"},{"taxonomy":"post_tag","embeddable":true,"href":"https:\/\/obscom.intervozes.org.br\/index.php?rest_route=%2Fwp%2Fv2%2Ftags&post=21807"}],"curies":[{"name":"wp","href":"https:\/\/api.w.org\/{rel}","templated":true}]}}