{"id":21806,"date":"2008-09-15T14:24:45","date_gmt":"2008-09-15T14:24:45","guid":{"rendered":"https:\/\/obscom.intervozes.org.br\/wordpress\/?p=21806"},"modified":"2008-09-15T14:24:45","modified_gmt":"2008-09-15T14:24:45","slug":"presidente-da-telefonica-defende-manutencao-integral-da-faixa-do-mmds","status":"publish","type":"post","link":"https:\/\/obscom.intervozes.org.br\/?p=21806","title":{"rendered":"Presidente da Telef\u00f4nica defende manuten\u00e7\u00e3o integral da faixa do MMDS"},"content":{"rendered":"<p>   \t \t \t \t \t<!-- \t\t@page { margin: 2cm } \t\tP { margin-bottom: 0.21cm } \t--> \t  <\/p>\n<p style=\"margin-bottom: 0cm\" class=\"western padrao\">O mais importante operador de MMDS no Brasil, hoje, &eacute; o grupo Telef&ocirc;nica, que entrou nesse mercado ao comprar a TVA. O presidente da empresa no Brasil, Ant&ocirc;nio Valente, acha precipitado que se fale em redu&ccedil;&atilde;o do espectro do MMDS nesse momento. <\/p>\n<p>&ldquo;&Eacute; preciso lembrar que at&eacute; bem pouco tempo simplesmente n&atilde;o havia tecnologia que desse competitividade aos operadores. Apenas agora &eacute; que o MMDS se digitalizou. Al&eacute;m disso, a tecnologia mais eficiente de transmiss&atilde;o de dados banda larga para esta faixa, que &eacute; o WiMax, ainda n&atilde;o foi homologada pela ag&ecirc;ncia na faixa de 2,5 GHz. E precisamos tamb&eacute;m lembrar que a TV por assinatura est&aacute; caminhando para a alta defini&ccedil;&atilde;o&rdquo;, diz o executivo, enumerando as raz&otilde;es pelas quais discorda da redu&ccedil;&atilde;o do espectro para o MMDS. <\/p>\n<p>Ele afirma que no momento em que a Anatel liberar a tecnologia e ela puder ser implantada, a Telef&ocirc;nica pretende sim entrar no mercado de banda larga por meio de WiMax na faixa de 2,5 GHz. &ldquo;&Eacute; uma tecnologia perfeita para atender locais em que outras redes n&atilde;o t&ecirc;m como entrar, como comunidades carentes.&rdquo;<\/p>\n<p>Existe uma pol&ecirc;mica em torno do que acontecer&aacute; aos grupos exploradores da faixa de MMDS nesse momento em que h&aacute; grande press&atilde;o de operadores de telefonia celular por mais espectro para 3G e, mesmo dentro da ag&ecirc;ncia, vis&otilde;es divergentes sobre que destina&ccedil;&atilde;o deve ser dada ao espectro de 2,5 GHz. A Telef&ocirc;nica &eacute; uma das empresas cujas licen&ccedil;as de MMDS ser&atilde;o renovadas em fevereiro de 2009.  <\/p>\n","protected":false},"excerpt":{"rendered":"<p>O mais importante operador de MMDS no Brasil, hoje, &eacute; o grupo Telef&ocirc;nica, que entrou nesse mercado ao comprar a TVA. O presidente da empresa no Brasil, Ant&ocirc;nio Valente, acha precipitado que se fale em redu&ccedil;&atilde;o do espectro do MMDS nesse momento. &ldquo;&Eacute; preciso lembrar que at&eacute; bem pouco tempo simplesmente n&atilde;o havia tecnologia que &hellip; <a href=\"https:\/\/obscom.intervozes.org.br\/?p=21806\" class=\"more-link\">Continue lendo <span class=\"screen-reader-text\">Presidente da Telef\u00f4nica defende manuten\u00e7\u00e3o integral da faixa do MMDS<\/span> <span class=\"meta-nav\">&rarr;<\/span><\/a><\/p>\n","protected":false},"author":1,"featured_media":0,"comment_status":"open","ping_status":"open","sticky":false,"template":"","format":"standard","meta":{"footnotes":""},"categories":[40],"tags":[575],"_links":{"self":[{"href":"https:\/\/obscom.intervozes.org.br\/index.php?rest_route=\/wp\/v2\/posts\/21806"}],"collection":[{"href":"https:\/\/obscom.intervozes.org.br\/index.php?rest_route=\/wp\/v2\/posts"}],"about":[{"href":"https:\/\/obscom.intervozes.org.br\/index.php?rest_route=\/wp\/v2\/types\/post"}],"author":[{"embeddable":true,"href":"https:\/\/obscom.intervozes.org.br\/index.php?rest_route=\/wp\/v2\/users\/1"}],"replies":[{"embeddable":true,"href":"https:\/\/obscom.intervozes.org.br\/index.php?rest_route=%2Fwp%2Fv2%2Fcomments&post=21806"}],"version-history":[{"count":0,"href":"https:\/\/obscom.intervozes.org.br\/index.php?rest_route=\/wp\/v2\/posts\/21806\/revisions"}],"wp:attachment":[{"href":"https:\/\/obscom.intervozes.org.br\/index.php?rest_route=%2Fwp%2Fv2%2Fmedia&parent=21806"}],"wp:term":[{"taxonomy":"category","embeddable":true,"href":"https:\/\/obscom.intervozes.org.br\/index.php?rest_route=%2Fwp%2Fv2%2Fcategories&post=21806"},{"taxonomy":"post_tag","embeddable":true,"href":"https:\/\/obscom.intervozes.org.br\/index.php?rest_route=%2Fwp%2Fv2%2Ftags&post=21806"}],"curies":[{"name":"wp","href":"https:\/\/api.w.org\/{rel}","templated":true}]}}