{"id":21803,"date":"2008-09-12T17:19:01","date_gmt":"2008-09-12T17:19:01","guid":{"rendered":"https:\/\/obscom.intervozes.org.br\/wordpress\/?p=21803"},"modified":"2008-09-12T17:19:01","modified_gmt":"2008-09-12T17:19:01","slug":"cbc-defende-cotas-para-producao-independente-na-comissao-de-defesa-do-consumidor","status":"publish","type":"post","link":"https:\/\/obscom.intervozes.org.br\/?p=21803","title":{"rendered":"CBC defende cotas para produ\u00e7\u00e3o independente na Comiss\u00e3o de Defesa do Consumidor"},"content":{"rendered":"<p>   \t \t \t \t \t<!-- \t\t@page { margin: 2cm } \t\tP { margin-bottom: 0.21cm } \t--> \t   <\/p>\n<p class=\"western padrao\">O Congresso Brasileiro de Cinema entregou &agrave; Comiss&atilde;o de Defesa do Consumidor da C&acirc;mara dos Deputados nesta quinta (11), um manifesto de apoio &agrave; presen&ccedil;a da produ&ccedil;&atilde;o independente no Projeto de Lei 29\/07. O CBC  representa mais de 50 associa&ccedil;&otilde;es de todos os elos da cadeia do audiovisual.<\/p>\n<p>No manifesto, o CBC afirma que a presen&ccedil;a da produ&ccedil;&atilde;o independente nas programa&ccedil;&otilde;es da TV paga &ldquo;promover&aacute; o exerc&iacute;cio da livre concorr&ecirc;ncia, determinando programas mais baratos e, portanto, servindo ao interesse do crescimento da pr&oacute;pria TV por assinatura&rdquo;. <\/p>\n<p>Para al&eacute;m do ponto de vista econ&ocirc;mico, a entidade ressalta que a medida &eacute; fundamental do ponto de vista &eacute;tico e cultural. A diversidade advinda da  introdu&ccedil;&atilde;o de produ&ccedil;&otilde;es independentes nas grades de programa&ccedil;&atilde;o com mais freq&uuml;&ecirc;ncia, segundo o CBC, &ldquo;garante ao brasileiro o espelho de que este necessita para que se reconhe&ccedil;a, cultive-se e se afirme como membro respeit&aacute;vel da comunidade global&rdquo;.<\/p>\n<p>Em rela&ccedil;&atilde;o &agrave; tentativa de alguns setores de tirar as cotas do PL, o CBC diz que &ldquo;n&atilde;o se deve ao m&eacute;rito, mas apenas &agrave; tentativa de manter os padr&otilde;es atuais de apossamento do mercado&rdquo;. O manifesto diz, ainda, que a vers&atilde;o final do relat&oacute;rio do deputado Jorge Bittar (PT-RJ) reduziu sobremaneira as cotas originalmente previstas na sua primeira  reda&ccedil;&atilde;o. O relat&oacute;rio foi apresentado &agrave; Comiss&atilde;o de Ci&ecirc;ncia e Tecnologia, Comunica&ccedil;&atilde;o e Informa&ccedil;&atilde;o (CCTCI), mas n&atilde;o foi votado. Na CDC, os deputados poder&atilde;o simplesmente recome&ccedil;ar o processo de avalia&ccedil;&atilde;o do projeto, desconsiderando o relat&oacute;rio de Bittar.<\/p>\n<p><em>Com informa&ccedil;&otilde;es da PayTV News<br \/><\/em><\/p>\n","protected":false},"excerpt":{"rendered":"<p>O Congresso Brasileiro de Cinema entregou &agrave; Comiss&atilde;o de Defesa do Consumidor da C&acirc;mara dos Deputados nesta quinta (11), um manifesto de apoio &agrave; presen&ccedil;a da produ&ccedil;&atilde;o independente no Projeto de Lei 29\/07. O CBC representa mais de 50 associa&ccedil;&otilde;es de todos os elos da cadeia do audiovisual. No manifesto, o CBC afirma que a &hellip; <a href=\"https:\/\/obscom.intervozes.org.br\/?p=21803\" class=\"more-link\">Continue lendo <span class=\"screen-reader-text\">CBC defende cotas para produ\u00e7\u00e3o independente na Comiss\u00e3o de Defesa do Consumidor<\/span> <span class=\"meta-nav\">&rarr;<\/span><\/a><\/p>\n","protected":false},"author":1,"featured_media":0,"comment_status":"open","ping_status":"open","sticky":false,"template":"","format":"standard","meta":{"footnotes":""},"categories":[39],"tags":[],"_links":{"self":[{"href":"https:\/\/obscom.intervozes.org.br\/index.php?rest_route=\/wp\/v2\/posts\/21803"}],"collection":[{"href":"https:\/\/obscom.intervozes.org.br\/index.php?rest_route=\/wp\/v2\/posts"}],"about":[{"href":"https:\/\/obscom.intervozes.org.br\/index.php?rest_route=\/wp\/v2\/types\/post"}],"author":[{"embeddable":true,"href":"https:\/\/obscom.intervozes.org.br\/index.php?rest_route=\/wp\/v2\/users\/1"}],"replies":[{"embeddable":true,"href":"https:\/\/obscom.intervozes.org.br\/index.php?rest_route=%2Fwp%2Fv2%2Fcomments&post=21803"}],"version-history":[{"count":0,"href":"https:\/\/obscom.intervozes.org.br\/index.php?rest_route=\/wp\/v2\/posts\/21803\/revisions"}],"wp:attachment":[{"href":"https:\/\/obscom.intervozes.org.br\/index.php?rest_route=%2Fwp%2Fv2%2Fmedia&parent=21803"}],"wp:term":[{"taxonomy":"category","embeddable":true,"href":"https:\/\/obscom.intervozes.org.br\/index.php?rest_route=%2Fwp%2Fv2%2Fcategories&post=21803"},{"taxonomy":"post_tag","embeddable":true,"href":"https:\/\/obscom.intervozes.org.br\/index.php?rest_route=%2Fwp%2Fv2%2Ftags&post=21803"}],"curies":[{"name":"wp","href":"https:\/\/api.w.org\/{rel}","templated":true}]}}