{"id":21800,"date":"2008-09-12T16:36:38","date_gmt":"2008-09-12T16:36:38","guid":{"rendered":"https:\/\/obscom.intervozes.org.br\/wordpress\/?p=21800"},"modified":"2008-09-12T16:36:38","modified_gmt":"2008-09-12T16:36:38","slug":"mpf-rs-analisa-possivel-formacao-de-monopolio-com-fusao-de-operadoras","status":"publish","type":"post","link":"https:\/\/obscom.intervozes.org.br\/?p=21800","title":{"rendered":"MPF-RS analisa poss\u00edvel forma\u00e7\u00e3o de monop\u00f3lio com fus\u00e3o de operadoras"},"content":{"rendered":"<p>   \t \t \t \t \t<!-- \t\t@page { margin: 2cm } \t\tP { margin-bottom: 0.21cm } \t--> \t   <\/p>\n<p style=\"margin-bottom: 0cm\" class=\"western\"><span class=\"padrao\">A fus&atilde;o da Brasil Telecom com a Oi est&aacute; sendo investigada pelo procurador da Rep&uacute;blica no Rio Grande do Sul, Jos&eacute; Osmar Pumes, que instaurou um inqu&eacute;rito civil p&uacute;blico para analisar poss&iacute;vel forma&ccedil;&atilde;o de monop&oacute;lio privado da concess&atilde;o dos servi&ccedil;os de telecomunica&ccedil;&otilde;es. <\/p>\n<p>A investiga&ccedil;&atilde;o foi baseada em representa&ccedil;&atilde;o protocolada pelo Sindicato dos Trabalhadores nas Empresas de Telecomunica&ccedil;&otilde;es e Operadores de Mesas Telef&ocirc;nicas no Estado do Rio Grande do Sul (Sinttel) no Minist&eacute;rio P&uacute;blico Federal no estado (MPF-RS). O documento afirma que o Plano Geral de Outorgas (PGO), elaborado pela Ag&ecirc;ncia Nacional de Telecomunica&ccedil;&otilde;es (Anatel), que originalmente n&atilde;o autoriza o monop&oacute;lio privado da concess&atilde;o dos servi&ccedil;os de comunica&ccedil;&otilde;es, estaria sendo modificado com o fim espec&iacute;fico de viabilizar a fus&atilde;o entre as duas empresas.<\/p>\n<p>Al&eacute;m disso, o procurador quer avaliar se os recursos para a realiza&ccedil;&atilde;o do neg&oacute;cio entre as duas operadoras ser&atilde;o disponibilizados pelo BNDES e pelo Banco do Brasil, o que, na sua opini&atilde;o, caracteriza financiamento da opera&ccedil;&atilde;o com dinheiro p&uacute;blico.<\/p>\n<p>Pumes entende que a fus&atilde;o entre a Oi (Telemar) e a Brasil Telecom poder&aacute; inviabilizar o cumprimento dos deveres previstos na Lei n&ordm; 9.472\/97, que garantem a toda a popula&ccedil;&atilde;o o acesso &agrave;s telecomunica&ccedil;&otilde;es, &agrave;s tarifas e aos pre&ccedil;os razo&aacute;veis e em condi&ccedil;&otilde;es adequadas. Paralelamente &agrave; tramita&ccedil;&atilde;o do inqu&eacute;rito civil p&uacute;blico, o MPF acompanha o andamento da a&ccedil;&atilde;o popular, que corre na 8&ordf; Vara Federal de Fortaleza (CE), ajuizada contra a fus&atilde;o das duas operadoras.<\/p>\n<p><strong>Velox<\/strong><\/p>\n<p>J&aacute; o Minist&eacute;rio P&uacute;blico Federal no Par&aacute; (MPF-PA) ajuizou a&ccedil;&atilde;o civil p&uacute;blica com pedido de liminar para que seja eliminada a utiliza&ccedil;&atilde;o de provedores adicionais (Terra, UOL, Globo, IG) no acesso ao servi&ccedil;o de internet banda larga da Oi (ex-Telemar), o Velox. A a&ccedil;&atilde;o foi proposta &agrave; Justi&ccedil;a Federal em Bel&eacute;m, pelo procurador da Rep&uacute;blica Daniel C&eacute;sar Azeredo Avelino.<\/p>\n<p>A Telemar &eacute; acusada de violar o C&oacute;digo de Defesa do Consumidor, por repassar informa&ccedil;&otilde;es falsas e obrigar a contrata&ccedil;&atilde;o de outras empresas para oferecer um servi&ccedil;o. A Ag&ecirc;ncia Nacional de Telecomunica&ccedil;&otilde;es (Anatel) foi apontada como respons&aacute;vel tamb&eacute;m, por ter criado, atrav&eacute;s do regulamento para o acesso a internet que editou, uma necessidade descabida do ponto de vista t&eacute;cnico.<\/p>\n<p>O MPF\/PA sustenta que n&atilde;o h&aacute; necessidade de contrata&ccedil;&atilde;o de provedor para acesso dos clientes da Velox &agrave; internet, porque se trata de um servi&ccedil;o de telecomunica&ccedil;&otilde;es. A Oi afirmou que &eacute; respons&aacute;vel apenas pelo fornecimento do sinal de conex&atilde;o e que os provedores adicionais seriam imprescind&iacute;veis para liberar o acesso ao canal da internet ao usu&aacute;rio.<\/span><\/p>\n","protected":false},"excerpt":{"rendered":"<p>A fus&atilde;o da Brasil Telecom com a Oi est&aacute; sendo investigada pelo procurador da Rep&uacute;blica no Rio Grande do Sul, Jos&eacute; Osmar Pumes, que instaurou um inqu&eacute;rito civil p&uacute;blico para analisar poss&iacute;vel forma&ccedil;&atilde;o de monop&oacute;lio privado da concess&atilde;o dos servi&ccedil;os de telecomunica&ccedil;&otilde;es. A investiga&ccedil;&atilde;o foi baseada em representa&ccedil;&atilde;o protocolada pelo Sindicato dos Trabalhadores nas Empresas &hellip; <a href=\"https:\/\/obscom.intervozes.org.br\/?p=21800\" class=\"more-link\">Continue lendo <span class=\"screen-reader-text\">MPF-RS analisa poss\u00edvel forma\u00e7\u00e3o de monop\u00f3lio com fus\u00e3o de operadoras<\/span> <span class=\"meta-nav\">&rarr;<\/span><\/a><\/p>\n","protected":false},"author":1,"featured_media":0,"comment_status":"open","ping_status":"open","sticky":false,"template":"","format":"standard","meta":{"footnotes":""},"categories":[40],"tags":[779],"_links":{"self":[{"href":"https:\/\/obscom.intervozes.org.br\/index.php?rest_route=\/wp\/v2\/posts\/21800"}],"collection":[{"href":"https:\/\/obscom.intervozes.org.br\/index.php?rest_route=\/wp\/v2\/posts"}],"about":[{"href":"https:\/\/obscom.intervozes.org.br\/index.php?rest_route=\/wp\/v2\/types\/post"}],"author":[{"embeddable":true,"href":"https:\/\/obscom.intervozes.org.br\/index.php?rest_route=\/wp\/v2\/users\/1"}],"replies":[{"embeddable":true,"href":"https:\/\/obscom.intervozes.org.br\/index.php?rest_route=%2Fwp%2Fv2%2Fcomments&post=21800"}],"version-history":[{"count":0,"href":"https:\/\/obscom.intervozes.org.br\/index.php?rest_route=\/wp\/v2\/posts\/21800\/revisions"}],"wp:attachment":[{"href":"https:\/\/obscom.intervozes.org.br\/index.php?rest_route=%2Fwp%2Fv2%2Fmedia&parent=21800"}],"wp:term":[{"taxonomy":"category","embeddable":true,"href":"https:\/\/obscom.intervozes.org.br\/index.php?rest_route=%2Fwp%2Fv2%2Fcategories&post=21800"},{"taxonomy":"post_tag","embeddable":true,"href":"https:\/\/obscom.intervozes.org.br\/index.php?rest_route=%2Fwp%2Fv2%2Ftags&post=21800"}],"curies":[{"name":"wp","href":"https:\/\/api.w.org\/{rel}","templated":true}]}}