{"id":21795,"date":"2008-09-11T17:55:29","date_gmt":"2008-09-11T17:55:29","guid":{"rendered":"https:\/\/obscom.intervozes.org.br\/wordpress\/?p=21795"},"modified":"2008-09-11T17:55:29","modified_gmt":"2008-09-11T17:55:29","slug":"na-posse-de-emilia-ribeiro-helio-costa-reclama-de-demora-na-analise-do-pgo","status":"publish","type":"post","link":"https:\/\/obscom.intervozes.org.br\/?p=21795","title":{"rendered":"Na posse de Em\u00edlia Ribeiro, H\u00e9lio Costa reclama de demora na an\u00e1lise do PGO"},"content":{"rendered":"<p>   \t \t \t \t \t<!-- \t\t@page { margin: 2cm } \t\tP { margin-bottom: 0.21cm } \t--><\/p>\n<p class=\"western padrao\">A an&aacute;lise do PGO (Plano Geral de Outorgas) pela Ag&ecirc;ncia Nacional de Telecomunica&ccedil;&otilde;es (Anatel) est&aacute; com os prazos razoavelmete vencidos. A frase &eacute; do ministro das Comunica&ccedil;&otilde;es, H&eacute;lio Costa, que disse esperar para qualquer momento uma resposta da ag&ecirc;ncia, sobre a possibilidade de fus&atilde;o de duas concession&aacute;rias em &aacute;reas diferentes, encaminhada h&aacute; sete meses.<\/p>\n<p>Costa espera que com a posse de Em&iacute;lia Ribeiro, que hoje passou a integrar o conselho diretor da Anatel, os procedimentos andem mais r&aacute;pidos. Ele negou, entretanto, que influenciar&aacute; no voto da nova conselheira, na aprecia&ccedil;&atilde;o do PGO. &ldquo;Os conselheiros tem liberdade para votar independentemente da vontade, da proposta ou da posi&ccedil;&atilde;o do governo&rdquo;, disse.<\/p>\n<p>O presidente da Anatel, Ronaldo Sardenberg, disse que gostaria de que a an&aacute;lise do PGO fosse conclu&iacute;da at&eacute; outubro, mas que somente poder&aacute; ser definido um cronograma para aprecia&ccedil;&atilde;o da mat&eacute;ria depois que o conselho diretor receber toda a documenta&ccedil;&atilde;o.<\/p>\n<p>Sardenberg disse que o PGO recebeu 450 sugest&otilde;es na consulta p&uacute;blica, e toda a documenta&ccedil;&atilde;o j&aacute; passou pela &aacute;rea t&eacute;cnica e agora est&aacute; na procuradoria. Ele, entretanto, n&atilde;o quis polemizar com H&eacute;lio Costa sobre prazos: &ldquo;O ministro &eacute; pol&iacute;tico e eu sou regulador, &eacute; diferente.&rdquo;<\/p>\n<p>O relator da mat&eacute;ria, conselheiro Pedro Jaime Ziller, disse que ele levar&aacute; de 15 a 20 dias para relatar essa segunda fase da an&aacute;lise do PGO. &ldquo;Se receber na pr&oacute;xima semana, poderei apresentar o relat&oacute;rio logo no come&ccedil;o de outubro&rdquo;, disse.<\/p>\n<p>Al&eacute;m do PGO, est&aacute; tamb&eacute;m na procuradoria da Anatel os documentos referentes ao PGR (Plano Geral de Atualiza&ccedil;&atilde;o da Regulamenta&ccedil;&atilde;o das Telecomunica&ccedil;&otilde;es), que recebeu 571 contribui&ccedil;&otilde;es na consulta p&uacute;blica. O relator, conselheiro Antonio Bedran, prev&ecirc; que seu relat&oacute;rio seja entregue junto com o do PGO.<\/p>\n","protected":false},"excerpt":{"rendered":"<p>A an&aacute;lise do PGO (Plano Geral de Outorgas) pela Ag&ecirc;ncia Nacional de Telecomunica&ccedil;&otilde;es (Anatel) est&aacute; com os prazos razoavelmete vencidos. A frase &eacute; do ministro das Comunica&ccedil;&otilde;es, H&eacute;lio Costa, que disse esperar para qualquer momento uma resposta da ag&ecirc;ncia, sobre a possibilidade de fus&atilde;o de duas concession&aacute;rias em &aacute;reas diferentes, encaminhada h&aacute; sete meses. Costa &hellip; <a href=\"https:\/\/obscom.intervozes.org.br\/?p=21795\" class=\"more-link\">Continue lendo <span class=\"screen-reader-text\">Na posse de Em\u00edlia Ribeiro, H\u00e9lio Costa reclama de demora na an\u00e1lise do PGO<\/span> <span class=\"meta-nav\">&rarr;<\/span><\/a><\/p>\n","protected":false},"author":1,"featured_media":0,"comment_status":"open","ping_status":"open","sticky":false,"template":"","format":"standard","meta":{"footnotes":""},"categories":[40],"tags":[854],"_links":{"self":[{"href":"https:\/\/obscom.intervozes.org.br\/index.php?rest_route=\/wp\/v2\/posts\/21795"}],"collection":[{"href":"https:\/\/obscom.intervozes.org.br\/index.php?rest_route=\/wp\/v2\/posts"}],"about":[{"href":"https:\/\/obscom.intervozes.org.br\/index.php?rest_route=\/wp\/v2\/types\/post"}],"author":[{"embeddable":true,"href":"https:\/\/obscom.intervozes.org.br\/index.php?rest_route=\/wp\/v2\/users\/1"}],"replies":[{"embeddable":true,"href":"https:\/\/obscom.intervozes.org.br\/index.php?rest_route=%2Fwp%2Fv2%2Fcomments&post=21795"}],"version-history":[{"count":0,"href":"https:\/\/obscom.intervozes.org.br\/index.php?rest_route=\/wp\/v2\/posts\/21795\/revisions"}],"wp:attachment":[{"href":"https:\/\/obscom.intervozes.org.br\/index.php?rest_route=%2Fwp%2Fv2%2Fmedia&parent=21795"}],"wp:term":[{"taxonomy":"category","embeddable":true,"href":"https:\/\/obscom.intervozes.org.br\/index.php?rest_route=%2Fwp%2Fv2%2Fcategories&post=21795"},{"taxonomy":"post_tag","embeddable":true,"href":"https:\/\/obscom.intervozes.org.br\/index.php?rest_route=%2Fwp%2Fv2%2Ftags&post=21795"}],"curies":[{"name":"wp","href":"https:\/\/api.w.org\/{rel}","templated":true}]}}