{"id":21789,"date":"2008-09-11T14:52:36","date_gmt":"2008-09-11T14:52:36","guid":{"rendered":"https:\/\/obscom.intervozes.org.br\/wordpress\/?p=21789"},"modified":"2008-09-11T14:52:36","modified_gmt":"2008-09-11T14:52:36","slug":"senado-arquiva-projeto-que-permitiria-formacao-de-rede-de-comunitarias-na-amazonia","status":"publish","type":"post","link":"https:\/\/obscom.intervozes.org.br\/?p=21789","title":{"rendered":"Senado arquiva projeto que permitiria forma\u00e7\u00e3o de rede de comunit\u00e1rias na Amaz\u00f4nia"},"content":{"rendered":"\n<p class=\"padrao\">A Comiss&atilde;o de Ci&ecirc;ncia e Tecnologia do Senado rejeitou, nesta quarta-feira (10\/10), projeto que permitiria o funcionamento de uma rede de r&aacute;dios comunit&aacute;rias na Amaz&ocirc;nia. A proposta, de autoria do senador Geovani Borges (PMDB-AP), modificaria o artigo 16 da Lei 9.612\/98 que disciplina a radiodifus&atilde;o comunit&aacute;ria. O projeto foi arquivado.<\/p>\n<p>De acordo com a proposta, as redes somente poderiam veicular programa&ccedil;&atilde;o jornal&iacute;stica ou educativa, que n&atilde;o excederiam&nbsp;15% do total da programa&ccedil;&atilde;o das respectivas emissoras. A justificativa apresentada &eacute; que a modifica&ccedil;&atilde;o propiciaria &ldquo;o desenvolvimento de regi&otilde;es menos favorecidas e atenuar as desigualdades sociais e econ&ocirc;micas impostas &agrave;s regi&otilde;es mais long&iacute;nquas e privadas de condi&ccedil;&otilde;es auto-sustent&aacute;veis do Pa&iacute;s&rdquo;.<\/p>\n<p>O relator Expedito J&uacute;nior (PR-RO) apresentou voto pela aprova&ccedil;&atilde;o do projeto. Em seu parecer, afirma que &ldquo;a inova&ccedil;&atilde;o que pretende inserir n&atilde;o parece suficiente para comprometer o car&aacute;ter essencialmente local das emissoras comunit&aacute;rias. Paralelamente, cuida-se de medida apropriada aos fins a que se destina e que pode contribuir para o desenvolvimento da regi&atilde;o da Amaz&ocirc;nia Ocidental&rdquo;.<\/p>\n<p>Durante a discuss&atilde;o da mat&eacute;ria, o senador Ant&ocirc;nio Carlos Magalh&atilde;es J&uacute;nior (DEM-BA) apresentou parecer contr&aacute;rio &agrave; proposta. De acordo com o senador, uma rede de r&aacute;dios comunit&aacute;rias seria um contra-senso, j&aacute; que &ldquo;r&aacute;dios comunit&aacute;rias s&atilde;o para atender pequenas localidades, n&atilde;o a Amaz&ocirc;nia inteira&rdquo;.<\/p>\n<p>O parecer foi acompanhado pelos outros senadores da Comiss&atilde;o, que rejeitaram o projeto por unanimidade. Ainda de acordo com Magalh&atilde;es J&uacute;nior, o projeto abriria espa&ccedil;o para a cria&ccedil;&atilde;o de uma &ldquo;rede de r&aacute;dio comercial mascarada de comunit&aacute;ria&rdquo;.<\/p>\n","protected":false},"excerpt":{"rendered":"<p>A Comiss&atilde;o de Ci&ecirc;ncia e Tecnologia do Senado rejeitou, nesta quarta-feira (10\/10), projeto que permitiria o funcionamento de uma rede de r&aacute;dios comunit&aacute;rias na Amaz&ocirc;nia. A proposta, de autoria do senador Geovani Borges (PMDB-AP), modificaria o artigo 16 da Lei 9.612\/98 que disciplina a radiodifus&atilde;o comunit&aacute;ria. O projeto foi arquivado. De acordo com a proposta, &hellip; <a href=\"https:\/\/obscom.intervozes.org.br\/?p=21789\" class=\"more-link\">Continue lendo <span class=\"screen-reader-text\">Senado arquiva projeto que permitiria forma\u00e7\u00e3o de rede de comunit\u00e1rias na Amaz\u00f4nia<\/span> <span class=\"meta-nav\">&rarr;<\/span><\/a><\/p>\n","protected":false},"author":1,"featured_media":0,"comment_status":"open","ping_status":"open","sticky":false,"template":"","format":"standard","meta":{"footnotes":""},"categories":[40],"tags":[446],"_links":{"self":[{"href":"https:\/\/obscom.intervozes.org.br\/index.php?rest_route=\/wp\/v2\/posts\/21789"}],"collection":[{"href":"https:\/\/obscom.intervozes.org.br\/index.php?rest_route=\/wp\/v2\/posts"}],"about":[{"href":"https:\/\/obscom.intervozes.org.br\/index.php?rest_route=\/wp\/v2\/types\/post"}],"author":[{"embeddable":true,"href":"https:\/\/obscom.intervozes.org.br\/index.php?rest_route=\/wp\/v2\/users\/1"}],"replies":[{"embeddable":true,"href":"https:\/\/obscom.intervozes.org.br\/index.php?rest_route=%2Fwp%2Fv2%2Fcomments&post=21789"}],"version-history":[{"count":0,"href":"https:\/\/obscom.intervozes.org.br\/index.php?rest_route=\/wp\/v2\/posts\/21789\/revisions"}],"wp:attachment":[{"href":"https:\/\/obscom.intervozes.org.br\/index.php?rest_route=%2Fwp%2Fv2%2Fmedia&parent=21789"}],"wp:term":[{"taxonomy":"category","embeddable":true,"href":"https:\/\/obscom.intervozes.org.br\/index.php?rest_route=%2Fwp%2Fv2%2Fcategories&post=21789"},{"taxonomy":"post_tag","embeddable":true,"href":"https:\/\/obscom.intervozes.org.br\/index.php?rest_route=%2Fwp%2Fv2%2Ftags&post=21789"}],"curies":[{"name":"wp","href":"https:\/\/api.w.org\/{rel}","templated":true}]}}