{"id":21787,"date":"2008-09-10T19:16:14","date_gmt":"2008-09-10T19:16:14","guid":{"rendered":"https:\/\/obscom.intervozes.org.br\/wordpress\/?p=21787"},"modified":"2008-09-10T19:16:14","modified_gmt":"2008-09-10T19:16:14","slug":"poder-economico-determina-quem-ganha-licitacoes-de-canais","status":"publish","type":"post","link":"https:\/\/obscom.intervozes.org.br\/?p=21787","title":{"rendered":"Poder econ\u00f4mico determina quem ganha licita\u00e7\u00f5es de canais"},"content":{"rendered":"<p>   \t \t \t \t \t<!-- \t\t@page { margin: 2cm } \t\tP { margin-bottom: 0.21cm } \t-->   <\/p>\n<p style=\"margin-bottom: 0cm\" class=\"western padrao padrao padrao\">O uso de outorgas de radiodifus&atilde;o como moeda de troca &eacute; fato largamente estudado por acad&ecirc;micos e investigado por reportagens de ve&iacute;culos de imprensa. O epis&oacute;dio hist&oacute;rico mais emblem&aacute;tico envolveu o presidente Jos&eacute; Sarney, que distribuiu 257 concess&otilde;es apenas no m&ecirc;s que antecedeu a promulga&ccedil;&atilde;o da Constitui&ccedil;&atilde;o Federal, setembro de 1988. O mandat&aacute;rio agraciou 91 deputados constituintes e obteve, em retribui&ccedil;&atilde;o, o voto favor&aacute;vel de 90% destes &agrave; prorroga&ccedil;&atilde;o de seu mandato para cinco anos.<\/p>\n<p>O governo Fernando Henrique Cardoso anunciou a inten&ccedil;&atilde;o de dar mais transpar&ecirc;ncia ao processo com a publica&ccedil;&atilde;o dos Decretos 1.720\/95 e 2.108\/96, que institu&iacute;ram a obrigatoriedade de licita&ccedil;&atilde;o para as concess&otilde;es de canais de r&aacute;dio e TV. A maior efici&ecirc;ncia viria da inser&ccedil;&atilde;o de crit&eacute;rios t&eacute;cnicos e econ&ocirc;micos para a escolha dos novos concession&aacute;rios. <\/p>\n<p>No entanto, as exig&ecirc;ncias t&eacute;cnicas n&atilde;o influem na decis&atilde;o das concorr&ecirc;ncias relativas &agrave; explora&ccedil;&atilde;o de canais de radiodifus&atilde;o. Ou seja: passou-se de um cen&aacute;rio dominado por determinantes pol&iacute;ticos para outro igualmente obscuro, onde o que conta &eacute; o poder econ&ocirc;mico.<\/p>\n<p>&Eacute; o que mostra pesquisa de Cristiano Lopes Aguiar, consultor legislativo da C&acirc;mara dos Deputados, apresentada no 31&ordm; Congresso Brasileiro de Ci&ecirc;ncias da Comunica&ccedil;&atilde;o (Intercom), realizado em Natal de 2 a 6 deste m&ecirc;s. O estudo analisou 507 editais de licita&ccedil;&atilde;o e 1.996 concorr&ecirc;ncias, que resultaram em 1.033 outorgas entre os anos de 1997 e 2008. <\/p>\n<p>Os resultados mostram que 93,48% das licita&ccedil;&otilde;es onde houve competi&ccedil;&atilde;o entre no m&iacute;nimo dois candidatos foram ganhas por aquele que apresentou a melhor proposta de pre&ccedil;o. Em 1,77% dos casos, os vitoriosos apresentaram as propostas mais bem avaliada tanto financeira quanto tecnicamente. Em apenas 4,75% das licita&ccedil;&otilde;es, venceram os candidatos que tinham apenas a melhor proposta t&eacute;cnica.<\/p>\n<p><strong>Avalia&ccedil;&atilde;o ineficiente<\/strong><\/p>\n<p>Os crit&eacute;rios t&eacute;cnicos levam em conta quatro quesitos: tempo destinado a programas jornal&iacute;sticos, educativos e informativos; tempo destinado a servi&ccedil;o noticioso; tempo destinado a programas culturais, art&iacute;sticos e jornal&iacute;sticos a serem produzidos e gerados na pr&oacute;pria localidade objeto da outorga e prazo para in&iacute;cio da execu&ccedil;&atilde;o do servi&ccedil;o. H&aacute;, ainda, a possibilidade de cada edital pode inserir outros quesitos espec&iacute;ficos. Cada um destes itens recebe uma pontua&ccedil;&atilde;o correspondente ao seu atendimento integral segundo a avalia&ccedil;&atilde;o dos t&eacute;cnicos do Minist&eacute;rio das Comunica&ccedil;&otilde;es.<\/p>\n<p>A supremacia da dimens&atilde;o econ&ocirc;mica nas licita&ccedil;&otilde;es revelada pela pesquisa &eacute; resultante do fato de os crit&eacute;rios t&eacute;cnicos n&atilde;o funcionaram como um diferenciador efetivo entre as propostas concorrentes, sendo atendidos de maneira integral na maioria esmagadora das propostas apresentadas. Segundo a pesquisa, 90,67% dos candidatos atingiram a pontua&ccedil;&atilde;o m&aacute;xima nestes quesitos, 3,19% receberam nota quase m&aacute;xima (acima de 99) e apenas 2,2% ficaram abaixo dos 90 pontos.<\/p>\n<p>Para Cristiano Aguiar, o grande &iacute;ndice de notas m&aacute;ximas e quase m&aacute;ximas est&aacute; ligado &agrave; inexist&ecirc;ncia de crit&eacute;rios para avalia&ccedil;&atilde;o das propostas. &ldquo;H&aacute; um grande grau de subjetivismo na defini&ccedil;&atilde;o do qu&ecirc; exatamente pode ser considerado jornal&iacute;stico, educativo, informativo ou noticioso. Como n&atilde;o existe a avalia&ccedil;&atilde;o de um plano de programa&ccedil;&atilde;o ou de um piloto do conte&uacute;do que ser&aacute; veiculado, a classifica&ccedil;&atilde;o do tipo de programa que atender&aacute; &agrave;s exig&ecirc;ncias do edital de licita&ccedil;&atilde;o cabe somente ao pr&oacute;prio concorrente&rdquo;, explica.<\/p>\n<p><strong>Crit&eacute;rios in&uacute;teis<\/strong><\/p>\n<p>Esta aus&ecirc;ncia de refer&ecirc;ncia, aliada aos baixos percentuais exigidos para cada um dos tipos de conte&uacute;dos na grade proposta pelos candidatos, s&atilde;o as raz&otilde;es apontadas pelo pesquisador para a facilidade na obten&ccedil;&atilde;o de altas notas por parte dos concorrentes. Como n&atilde;o h&aacute; fiscaliza&ccedil;&atilde;o da proposta feita, os candidatos encontram um ambiente favor&aacute;vel para inflar suas propostas, mesmo que n&atilde;o venham a cumpri-las no futuro.<\/p>\n<p>O autor conclui criticando a inutilidade dos crit&eacute;rios t&eacute;cnicos e destaca que, ao privilegiar a capacidade econ&ocirc;mica dos concorrentes, o Estado brasileiro refor&ccedil;a a concentra&ccedil;&atilde;o da propriedade no setor de radiodifus&atilde;o. &ldquo;Com a preponder&acirc;ncia do crit&eacute;rio financeiro para a obten&ccedil;&atilde;o de concess&otilde;es, est&atilde;o sendo privilegiados empres&aacute;rios j&aacute; atuantes no setor, que disp&otilde;em de experi&ecirc;ncia e de recursos para operar novas emissoras. Com isso, s&atilde;o preteridos projetos que possam contribuir para uma maior democratiza&ccedil;&atilde;o das comunica&ccedil;&otilde;es, para a melhoria da qualidade do conte&uacute;do do r&aacute;dio e da televis&atilde;o e para a regionaliza&ccedil;&atilde;o da produ&ccedil;&atilde;o de comunica&ccedil;&atilde;o eletr&ocirc;nica&rdquo;, diz.<\/p>\n<p>Frente a este quadro, Cristiano Aguiar defende uma revis&atilde;o do processo de licita&ccedil;&atilde;o em dire&ccedil;&atilde;o ao fortalecimento do peso dos crit&eacute;rios t&eacute;cnicos em detrimento dos econ&ocirc;micos. O foco, completa, deve passar a ser as exig&ecirc;ncias que podem contribuir para melhorar o conte&uacute;do veiculado nos meios de comunica&ccedil;&atilde;o existentes no pa&iacute;s.<\/p>\n<p><strong>Brechas pol&iacute;ticas<\/strong><\/p>\n<p>Com a edi&ccedil;&atilde;o dos Decretos, 1.720\/95, e 2.108\/96, o processo de escolha de concession&aacute;rios de R&aacute;dio e TV passou a se dar por meio de licita&ccedil;&atilde;o. Segundo a nova regra, os candidatos &agrave; uma concess&atilde;o devem solicitar ao Minist&eacute;rio das Comunica&ccedil;&otilde;es a abertura de licita&ccedil;&atilde;o em sua cidade. <\/p>\n<p>Por decis&atilde;o pr&oacute;pria, o minist&eacute;rio publica edital com as informa&ccedil;&otilde;es sobre o processo, incluindo objeto da licita&ccedil;&atilde;o, valor m&iacute;nimo da outorga, documentos necess&aacute;rios e crit&eacute;rios de julgamento das propostas t&eacute;cnicas e de pre&ccedil;o. A avalia&ccedil;&atilde;o acontece em tr&ecirc;s etapas, abrangendo a habilita&ccedil;&atilde;o dos concorrentes relacionada ao atendimento dos requisitos do edital, a an&aacute;lise das propostas t&eacute;cnicas e o julgamento das propostas de pre&ccedil;o.<\/p>\n<p>Aparentemente prevista para todos os tipos de outorga, que incluem tamb&eacute;m permiss&otilde;es para emissoras educativas, o novo instrumento seletivo terminou por abranger apenas licen&ccedil;as comerciais para r&aacute;dio e TV. Estas duas defini&ccedil;&otilde;es mantiveram brechas para o uso pol&iacute;tico das outorgas de radiodifus&atilde;o. <\/p>\n<p>Em primeiro lugar, por manter as permiss&otilde;es para emissoras educativas, que incluiu mais tarde as autoriza&ccedil;&otilde;es para r&aacute;dios comunit&aacute;rias, ainda sob a tutela do ministro das Comunica&ccedil;&otilde;es. Em segundo lugar, por deixar a abertura da sele&ccedil;&atilde;o como uma op&ccedil;&atilde;o do minist&eacute;rio.<\/p>\n","protected":false},"excerpt":{"rendered":"<p>Pesquisa aponta inefici\u00eancia de crit\u00e9rios t\u00e9cnicos usados nos processos licitat\u00f3rios de novas outorgas de canais; sistema atual contribui para concentra\u00e7\u00e3o da propriedade dos meios<\/p>\n","protected":false},"author":1,"featured_media":0,"comment_status":"open","ping_status":"open","sticky":false,"template":"","format":"standard","meta":{"footnotes":""},"categories":[40],"tags":[106],"_links":{"self":[{"href":"https:\/\/obscom.intervozes.org.br\/index.php?rest_route=\/wp\/v2\/posts\/21787"}],"collection":[{"href":"https:\/\/obscom.intervozes.org.br\/index.php?rest_route=\/wp\/v2\/posts"}],"about":[{"href":"https:\/\/obscom.intervozes.org.br\/index.php?rest_route=\/wp\/v2\/types\/post"}],"author":[{"embeddable":true,"href":"https:\/\/obscom.intervozes.org.br\/index.php?rest_route=\/wp\/v2\/users\/1"}],"replies":[{"embeddable":true,"href":"https:\/\/obscom.intervozes.org.br\/index.php?rest_route=%2Fwp%2Fv2%2Fcomments&post=21787"}],"version-history":[{"count":0,"href":"https:\/\/obscom.intervozes.org.br\/index.php?rest_route=\/wp\/v2\/posts\/21787\/revisions"}],"wp:attachment":[{"href":"https:\/\/obscom.intervozes.org.br\/index.php?rest_route=%2Fwp%2Fv2%2Fmedia&parent=21787"}],"wp:term":[{"taxonomy":"category","embeddable":true,"href":"https:\/\/obscom.intervozes.org.br\/index.php?rest_route=%2Fwp%2Fv2%2Fcategories&post=21787"},{"taxonomy":"post_tag","embeddable":true,"href":"https:\/\/obscom.intervozes.org.br\/index.php?rest_route=%2Fwp%2Fv2%2Ftags&post=21787"}],"curies":[{"name":"wp","href":"https:\/\/api.w.org\/{rel}","templated":true}]}}