{"id":21786,"date":"2008-09-10T18:30:19","date_gmt":"2008-09-10T18:30:19","guid":{"rendered":"https:\/\/obscom.intervozes.org.br\/wordpress\/?p=21786"},"modified":"2008-09-10T18:30:19","modified_gmt":"2008-09-10T18:30:19","slug":"tv-brasil-lanca-primeiro-edital-para-contratacao-de-produtora-independente","status":"publish","type":"post","link":"https:\/\/obscom.intervozes.org.br\/?p=21786","title":{"rendered":"TV Brasil lan\u00e7a primeiro edital para contrata\u00e7\u00e3o de produtora independente"},"content":{"rendered":"<p>   \t \t \t \t \t<!-- \t\t@page { margin: 2cm } \t\tP { margin-bottom: 0.21cm } \t--> <\/p>\n<p style=\"margin-bottom: 0cm\" class=\"western\"><span class=\"padrao\">A TV Brasil lan&ccedil;ou o primeiro edital de contrata&ccedil;&atilde;o de produtora independente para realiza&ccedil;&atilde;o de novo programa para exibi&ccedil;&atilde;o nos canais pr&oacute;prios e na Rede P&uacute;blica de Televis&atilde;o.<\/p>\n<p>O edital prev&ecirc; a realiza&ccedil;&atilde;o de uma s&eacute;rie jornal&iacute;stica espec&iacute;fica, intitulada <em>Revista &Aacute;frica<\/em><span style=\"font-style: normal\">. A s&eacute;rie ter&aacute; 26 programas, com dura&ccedil;&atilde;o de 27 minutos cada, e tratar&aacute; de tem&aacute;ticas do continente africano, com foco especial nos pa&iacute;ses de l&iacute;ngua portuguesa. As grava&ccedil;&otilde;es ser&atilde;o feitas na &Aacute;frica.<\/p>\n<p>O <\/span><em>Revista &Aacute;frica<\/em><span style=\"font-style: normal\"> j&aacute; tem lugar reservado na grade de programa&ccedil;&atilde;o da TV Brasil, &agrave;s sextas-feiras.<\/p>\n<p>O edital pode ser acessado em <a href=\"http:\/\/www.tvbrasil.org.br\/licitacao\/080908_Edital01.pdf\">http:\/\/www.tvbrasil.org.br\/licitacao\/080908_Edital01.pdf<\/a> <\/span><\/span><\/p>\n","protected":false},"excerpt":{"rendered":"<p>A TV Brasil lan&ccedil;ou o primeiro edital de contrata&ccedil;&atilde;o de produtora independente para realiza&ccedil;&atilde;o de novo programa para exibi&ccedil;&atilde;o nos canais pr&oacute;prios e na Rede P&uacute;blica de Televis&atilde;o. O edital prev&ecirc; a realiza&ccedil;&atilde;o de uma s&eacute;rie jornal&iacute;stica espec&iacute;fica, intitulada Revista &Aacute;frica. A s&eacute;rie ter&aacute; 26 programas, com dura&ccedil;&atilde;o de 27 minutos cada, e tratar&aacute; de &hellip; <a href=\"https:\/\/obscom.intervozes.org.br\/?p=21786\" class=\"more-link\">Continue lendo <span class=\"screen-reader-text\">TV Brasil lan\u00e7a primeiro edital para contrata\u00e7\u00e3o de produtora independente<\/span> <span class=\"meta-nav\">&rarr;<\/span><\/a><\/p>\n","protected":false},"author":1,"featured_media":0,"comment_status":"open","ping_status":"open","sticky":false,"template":"","format":"standard","meta":{"footnotes":""},"categories":[39],"tags":[],"_links":{"self":[{"href":"https:\/\/obscom.intervozes.org.br\/index.php?rest_route=\/wp\/v2\/posts\/21786"}],"collection":[{"href":"https:\/\/obscom.intervozes.org.br\/index.php?rest_route=\/wp\/v2\/posts"}],"about":[{"href":"https:\/\/obscom.intervozes.org.br\/index.php?rest_route=\/wp\/v2\/types\/post"}],"author":[{"embeddable":true,"href":"https:\/\/obscom.intervozes.org.br\/index.php?rest_route=\/wp\/v2\/users\/1"}],"replies":[{"embeddable":true,"href":"https:\/\/obscom.intervozes.org.br\/index.php?rest_route=%2Fwp%2Fv2%2Fcomments&post=21786"}],"version-history":[{"count":0,"href":"https:\/\/obscom.intervozes.org.br\/index.php?rest_route=\/wp\/v2\/posts\/21786\/revisions"}],"wp:attachment":[{"href":"https:\/\/obscom.intervozes.org.br\/index.php?rest_route=%2Fwp%2Fv2%2Fmedia&parent=21786"}],"wp:term":[{"taxonomy":"category","embeddable":true,"href":"https:\/\/obscom.intervozes.org.br\/index.php?rest_route=%2Fwp%2Fv2%2Fcategories&post=21786"},{"taxonomy":"post_tag","embeddable":true,"href":"https:\/\/obscom.intervozes.org.br\/index.php?rest_route=%2Fwp%2Fv2%2Ftags&post=21786"}],"curies":[{"name":"wp","href":"https:\/\/api.w.org\/{rel}","templated":true}]}}