{"id":21771,"date":"2008-09-08T14:38:29","date_gmt":"2008-09-08T14:38:29","guid":{"rendered":"https:\/\/obscom.intervozes.org.br\/wordpress\/?p=21771"},"modified":"2008-09-08T14:38:29","modified_gmt":"2008-09-08T14:38:29","slug":"iniciativas-de-governo-eletronico-ganham-coordenacao-sobre-acessibilidade","status":"publish","type":"post","link":"https:\/\/obscom.intervozes.org.br\/?p=21771","title":{"rendered":"Iniciativas de governo eletr\u00f4nico ganham coordena\u00e7\u00e3o sobre acessibilidade"},"content":{"rendered":"<p><span class=\"padrao\"><u><strong>Reproduzido do Tele.S&iacute;ntese<\/strong><\/u><\/p>\n<p>A Secretaria de Log&iacute;stica e Tecnologia da Informa&ccedil;&atilde;o (SLTI) criou a Coordena&ccedil;&atilde;o do Modelo de Acessibilidade de Governo Eletr&ocirc;nico (e-MAG). Entre as suas atribui&ccedil;&otilde;es est&atilde;o coordenar a elabora&ccedil;&atilde;o e a atualiza&ccedil;&atilde;o das pol&iacute;ticas, diretrizes e especifica&ccedil;&otilde;es t&eacute;cnicas que comp&otilde;em o documento.<\/p>\n<p>Outra atribui&ccedil;&atilde;o &eacute; supervisionar e fiscalizar a sua ado&ccedil;&atilde;o pelos &oacute;rg&atilde;os do Governo Federal e acionar os &oacute;rg&atilde;os de controle quando for detectado o seu descumprimento. Tamb&eacute;m est&aacute; sob sua responsabilidade capacitar servidores p&uacute;blicos na aplica&ccedil;&atilde;o do e-MAG, al&eacute;m de elaborar e divulgar orienta&ccedil;&otilde;es t&eacute;cnicas e manuais sobre o assunto. Dever&aacute;, ainda, prover a infra-estrutura administrativa e os recursos or&ccedil;ament&aacute;rios e financeiros necess&aacute;rios &agrave;s suas atividades.<\/p>\n<p>O e-MAG traz recomenda&ccedil;&otilde;es t&eacute;cnicas para a constru&ccedil;&atilde;o e adapta&ccedil;&atilde;o de portais acess&iacute;veis a usu&aacute;rios portadores de defici&ecirc;ncias auditivas e visuais. A sua ado&ccedil;&atilde;o &eacute; obrigat&oacute;ria desde maio de 2007 para o Governo Federal.<\/p>\n<p>A nova coordena&ccedil;&atilde;o ser&aacute; composta por representantes da SLTI, Fernanda Hoffman Lobato; da Secretaria Especial de Direitos Humanos, Niusarete Margarida de Lima e da CGU (Controladoria Geral da Uni&atilde;o), Rodrigo Santos de Paulo.<\/span><\/p>\n","protected":false},"excerpt":{"rendered":"<p>Reproduzido do Tele.S&iacute;ntese A Secretaria de Log&iacute;stica e Tecnologia da Informa&ccedil;&atilde;o (SLTI) criou a Coordena&ccedil;&atilde;o do Modelo de Acessibilidade de Governo Eletr&ocirc;nico (e-MAG). Entre as suas atribui&ccedil;&otilde;es est&atilde;o coordenar a elabora&ccedil;&atilde;o e a atualiza&ccedil;&atilde;o das pol&iacute;ticas, diretrizes e especifica&ccedil;&otilde;es t&eacute;cnicas que comp&otilde;em o documento. Outra atribui&ccedil;&atilde;o &eacute; supervisionar e fiscalizar a sua ado&ccedil;&atilde;o pelos &oacute;rg&atilde;os &hellip; <a href=\"https:\/\/obscom.intervozes.org.br\/?p=21771\" class=\"more-link\">Continue lendo <span class=\"screen-reader-text\">Iniciativas de governo eletr\u00f4nico ganham coordena\u00e7\u00e3o sobre acessibilidade<\/span> <span class=\"meta-nav\">&rarr;<\/span><\/a><\/p>\n","protected":false},"author":1,"featured_media":0,"comment_status":"open","ping_status":"open","sticky":false,"template":"","format":"standard","meta":{"footnotes":""},"categories":[39],"tags":[],"_links":{"self":[{"href":"https:\/\/obscom.intervozes.org.br\/index.php?rest_route=\/wp\/v2\/posts\/21771"}],"collection":[{"href":"https:\/\/obscom.intervozes.org.br\/index.php?rest_route=\/wp\/v2\/posts"}],"about":[{"href":"https:\/\/obscom.intervozes.org.br\/index.php?rest_route=\/wp\/v2\/types\/post"}],"author":[{"embeddable":true,"href":"https:\/\/obscom.intervozes.org.br\/index.php?rest_route=\/wp\/v2\/users\/1"}],"replies":[{"embeddable":true,"href":"https:\/\/obscom.intervozes.org.br\/index.php?rest_route=%2Fwp%2Fv2%2Fcomments&post=21771"}],"version-history":[{"count":0,"href":"https:\/\/obscom.intervozes.org.br\/index.php?rest_route=\/wp\/v2\/posts\/21771\/revisions"}],"wp:attachment":[{"href":"https:\/\/obscom.intervozes.org.br\/index.php?rest_route=%2Fwp%2Fv2%2Fmedia&parent=21771"}],"wp:term":[{"taxonomy":"category","embeddable":true,"href":"https:\/\/obscom.intervozes.org.br\/index.php?rest_route=%2Fwp%2Fv2%2Fcategories&post=21771"},{"taxonomy":"post_tag","embeddable":true,"href":"https:\/\/obscom.intervozes.org.br\/index.php?rest_route=%2Fwp%2Fv2%2Ftags&post=21771"}],"curies":[{"name":"wp","href":"https:\/\/api.w.org\/{rel}","templated":true}]}}