{"id":21768,"date":"2008-09-05T19:24:53","date_gmt":"2008-09-05T19:24:53","guid":{"rendered":"https:\/\/obscom.intervozes.org.br\/wordpress\/?p=21768"},"modified":"2008-09-05T19:24:53","modified_gmt":"2008-09-05T19:24:53","slug":"comissao-de-funcionarios-divulga-resultado-de-primeira-reuniao-com-diretores","status":"publish","type":"post","link":"https:\/\/obscom.intervozes.org.br\/?p=21768","title":{"rendered":"Comiss\u00e3o de Funcion\u00e1rios divulga resultado de primeira reuni\u00e3o com diretores"},"content":{"rendered":"<p>   \t \t \t \t \t<!-- \t\t@page { margin: 2cm } \t\tP { margin-bottom: 0.21cm } \t--> \t  <\/p>\n<p style=\"margin-bottom: 0cm\" class=\"western\">Depois de tomar posse no dia 25 de agosto, a Comiss&atilde;o de Funcion&aacute;rios da Empresa Brasil de Comunica&ccedil;&atilde;o esteve reunida com a dire&ccedil;&atilde;o da empresa no &uacute;ltimo dia 29. A comiss&atilde;o &eacute; formada por 15 representantes dos diversos ve&iacute;culos da empresa, eleitos diretamente pelos funcion&aacute;rios.<\/p>\n<p>Veja a nota divulgada na sexta-feira (5) pela comiss&atilde;o sobre os resultados da reuni&atilde;o:<\/p>\n<p>&ldquo;<em>Dire&ccedil;&atilde;o da EBC afirma que em setembro consultar&aacute; os funcion&aacute;rios sobre a proposta de Plano de Cargos e Sal&aacute;rios<\/em><\/p>\n<p>A Comiss&atilde;o de Funcion&aacute;rios foi recebida pela Presidente da EBC Tereza Cruvinel e pelo Diretor Administrativo-Financeiro Delcimar Pires na &uacute;ltima sexta-feira, dia 29.<\/p>\n<p><strong>Plano de Cargos e Sal&aacute;rios<\/strong><\/p>\n<p>A Dire&ccedil;&atilde;o afirmou que na segunda quinzena de setembro realizar&aacute; um evento aberto a participa&ccedil;&atilde;o de todos os funcion&aacute;rios para apresentar a proposta. Na &uacute;ltima ter&ccedil;a-feira (02\/09) estava agendada a &uacute;ltima reuni&atilde;o com o Minist&eacute;rio do Planejamento para discuss&atilde;o em torno da proposta que ser&aacute; encaminhada para os Sindicatos e funcion&aacute;rios. Segundo a presidente o documento que circulou internamente n&atilde;o &eacute; oficial. A partir do questionamento da comiss&atilde;o de que os atuais sal&aacute;rios s&atilde;o excessivamente diferentes, a presidente afirmou que o novo Plano ir&aacute; aproximar os sal&aacute;rios dos funcion&aacute;rios da antiga Radiobras com o sal&aacute;rio dos tempor&aacute;rios contratados atrav&eacute;s da Medida Provis&oacute;ria aprovada, tendo como refer&ecirc;ncia o valor pago pelo mercado. As promo&ccedil;&otilde;es internas ser&atilde;o realizadas por &quot;m&eacute;rito e n&atilde;o por tempo de servi&ccedil;o&quot;, disse a presidente. A dire&ccedil;&atilde;o aceitou que 2 integrantes da Comiss&atilde;o de Funcion&aacute;rios, al&eacute;m dos sindicatos, acompanhem diretamente a defini&ccedil;&atilde;o do plano.<\/p>\n<p>Para a Comiss&atilde;o de Funcion&aacute;rios a defini&ccedil;&atilde;o final do Plano de Cargos e Sal&aacute;rios da nova empresa deve prever a participa&ccedil;&atilde;o efetiva dos funcion&aacute;rios que buscam h&aacute; anos um plano que de fato seja justo, reconhe&ccedil;a os servi&ccedil;os prestados de forma qualificada pelos empregados e justifique o interesse em permanecer na nova empresa. Al&eacute;m disso, um Plano de Cargos e Sal&aacute;rios digno, em especial para os funcion&aacute;rios do quadro e n&atilde;o apenas para os tempor&aacute;rios, &eacute; mais um incetivo para os profissionais que pretendem prestar os pr&oacute;ximos concursos p&uacute;blicos.<\/p>\n<p><strong>FC&#39;s<\/strong><\/p>\n<p>A Dire&ccedil;&atilde;o afirmou que a partir da realiza&ccedil;&atilde;o de novos concursos p&uacute;blicos os cargos FCs ser&atilde;o paulatinamente substitu&iacute;dos por cargos do quadro, conforme exigido pelo Minist&eacute;rio Publico, mas que futuramente, como em qualquer empresa, &quot;existir&atilde;o alguns cargos em comiss&atilde;o&quot;. Para a dire&ccedil;&atilde;o, os atuais FCs dever&atilde;o participar do concurso p&uacute;blico que est&aacute; previsto para ter o processo iniciado ap&oacute;s a aprova&ccedil;&atilde;o do novo Plano de Cargos e Sal&aacute;rios.<\/p>\n<p><strong>ACERP<\/strong><\/p>\n<p>Novamente a dire&ccedil;&atilde;o afirmou que os funcion&aacute;rios da Acerp n&atilde;o ser&atilde;o incorporados e que o Plano de Cargos e Sal&aacute;rios que ser&aacute; negociado n&atilde;o contemplar&aacute; esses profissionais, que dever&atilde;o negociar diretamente com a dire&ccedil;&atilde;o da Acerp que possui um contrato com a EBC.<\/p>\n<p><strong>Plano de Demiss&atilde;o Incentivada<\/strong><\/p>\n<p>A Comiss&atilde;o de Funcion&aacute;rios, a partir da sugest&atilde;o de alguns empregados, questionou a dire&ccedil;&atilde;o sobre a possibilidade da empresa realizar um PDI. Para a empresa a sugest&atilde;o pode ser vi&aacute;vel e interessante, e que por isso ser&aacute; analisada.<\/p>\n<p><strong>Elei&ccedil;&atilde;o do Representante dos Funcion&aacute;rios no Conselho Curador<\/strong><\/p>\n<p>Segundo a Dire&ccedil;&atilde;o o edital ser&aacute; publicado nos pr&oacute;ximos dias. A Comiss&atilde;o Eleitoral ser&aacute; formada por funcion&aacute;rios indicados pelas chefias de cada Diretoria, al&eacute;m de representantes dos Sindicatos. A elei&ccedil;&atilde;o ser&aacute; realizada com urnas em todas os pr&eacute;dios da empresa, em Bras&iacute;lia, Rio de Janeiro, S&atilde;o Paulo e Maranh&atilde;o, permitindo a participa&ccedil;&atilde;o de todos os funcion&aacute;rios do quadro da EBC, excetuando ent&atilde;o os funcion&aacute;rios com v&iacute;nculo com a Acerp. <\/p>\n<p><strong>Manual de Reda&ccedil;&atilde;o da EBC<\/strong><\/p>\n<p>A Presidente disse que uma profissional foi contratada para coordenar a elabora&ccedil;&atilde;o da proposta de manual de reda&ccedil;&atilde;o da nova empresa, mas que at&eacute; o momento n&atilde;o h&aacute; previs&atilde;o de quando o processo de elabora&ccedil;&atilde;o ser&aacute; aberto a participa&ccedil;&atilde;o dos funcion&aacute;rios. A Comiss&atilde;o de Funcion&aacute;rios entende que o manual de reda&ccedil;&atilde;o, com a defini&ccedil;&atilde;o objetiva dos crit&eacute;rios de produ&ccedil;&atilde;o &eacute; necess&aacute;ria para uma empresa p&uacute;blica de comunica&ccedil;&atilde;o, facilitando assim o trabalho cotidiano dos profissionais, o acompanhamento da sociedade e o trabalho da rec&eacute;m-criada Ouvidoria Geral da empresa. <\/p>\n<p>Comiss&atilde;o de Funcion&aacute;rios da Empresa Brasil de Comunica&ccedil;&atilde;o<br \/>05 de setembro de 2008&rdquo;<\/p>\n","protected":false},"excerpt":{"rendered":"<p>Depois de tomar posse no dia 25 de agosto, a Comiss&atilde;o de Funcion&aacute;rios da Empresa Brasil de Comunica&ccedil;&atilde;o esteve reunida com a dire&ccedil;&atilde;o da empresa no &uacute;ltimo dia 29. A comiss&atilde;o &eacute; formada por 15 representantes dos diversos ve&iacute;culos da empresa, eleitos diretamente pelos funcion&aacute;rios. Veja a nota divulgada na sexta-feira (5) pela comiss&atilde;o sobre &hellip; <a href=\"https:\/\/obscom.intervozes.org.br\/?p=21768\" class=\"more-link\">Continue lendo <span class=\"screen-reader-text\">Comiss\u00e3o de Funcion\u00e1rios divulga resultado de primeira reuni\u00e3o com diretores<\/span> <span class=\"meta-nav\">&rarr;<\/span><\/a><\/p>\n","protected":false},"author":1,"featured_media":0,"comment_status":"open","ping_status":"open","sticky":false,"template":"","format":"standard","meta":{"footnotes":""},"categories":[40],"tags":[754],"_links":{"self":[{"href":"https:\/\/obscom.intervozes.org.br\/index.php?rest_route=\/wp\/v2\/posts\/21768"}],"collection":[{"href":"https:\/\/obscom.intervozes.org.br\/index.php?rest_route=\/wp\/v2\/posts"}],"about":[{"href":"https:\/\/obscom.intervozes.org.br\/index.php?rest_route=\/wp\/v2\/types\/post"}],"author":[{"embeddable":true,"href":"https:\/\/obscom.intervozes.org.br\/index.php?rest_route=\/wp\/v2\/users\/1"}],"replies":[{"embeddable":true,"href":"https:\/\/obscom.intervozes.org.br\/index.php?rest_route=%2Fwp%2Fv2%2Fcomments&post=21768"}],"version-history":[{"count":0,"href":"https:\/\/obscom.intervozes.org.br\/index.php?rest_route=\/wp\/v2\/posts\/21768\/revisions"}],"wp:attachment":[{"href":"https:\/\/obscom.intervozes.org.br\/index.php?rest_route=%2Fwp%2Fv2%2Fmedia&parent=21768"}],"wp:term":[{"taxonomy":"category","embeddable":true,"href":"https:\/\/obscom.intervozes.org.br\/index.php?rest_route=%2Fwp%2Fv2%2Fcategories&post=21768"},{"taxonomy":"post_tag","embeddable":true,"href":"https:\/\/obscom.intervozes.org.br\/index.php?rest_route=%2Fwp%2Fv2%2Ftags&post=21768"}],"curies":[{"name":"wp","href":"https:\/\/api.w.org\/{rel}","templated":true}]}}