{"id":21767,"date":"2008-09-05T18:54:25","date_gmt":"2008-09-05T18:54:25","guid":{"rendered":"https:\/\/obscom.intervozes.org.br\/wordpress\/?p=21767"},"modified":"2008-09-05T18:54:25","modified_gmt":"2008-09-05T18:54:25","slug":"pontos-de-cultura-serao-20-mil-ate-2010-preve-juca-ferreira","status":"publish","type":"post","link":"https:\/\/obscom.intervozes.org.br\/?p=21767","title":{"rendered":"Pontos de Cultura ser\u00e3o 20 mil at\u00e9 2010, prev\u00ea Juca Ferreira"},"content":{"rendered":"<p><span class=\"padrao\">A amplia&ccedil;&atilde;o dos centros comunit&aacute;rios de produ&ccedil;&atilde;o cultural financiados pelo Minist&eacute;rio da Cultura, os Pontos de Cultura, para 20 mil &eacute; uma das metas do ministro Juca Ferreira, que assumiu o posto h&aacute; uma semana. Desde 2003, o minist&eacute;rio instalou mil desses centros. A nova meta foi estabelecida para 2010.<\/span><\/p>\n<p>A estrat&eacute;gia, segundo Ferreira, &eacute; dividir com os estados a responsabilidade de escolha dos projetos. &ldquo;Estamos trabalhando nessa nova gera&ccedil;&atilde;o dos Pontos de Cultura fazendo os editais com os governos estaduais, para descentralizar e favorecer a diversidade cultural brasileira. A gente acha melhor que as comiss&otilde;es de avalia&ccedil;&atilde;o sejam regionalizadas&rdquo;, afirmou Ferreira, depois de participar do programa &quot;Bom dia Ministro&quot;, hoje (4), na <em>R&aacute;dio Nacional de Bras&iacute;lia<\/em>.<\/p>\n<p>Ele destacou a import&acirc;ncia dos Pontos de Cultura. &ldquo;[O<em> projeto<\/em>] j&aacute; est&aacute; testado e talvez seja a a&ccedil;&atilde;o mais importante do minist&eacute;rio, porque voc&ecirc; financia atividades culturais existentes nas &aacute;reas sociais mais degradadas.&rdquo;<\/p>\n","protected":false},"excerpt":{"rendered":"<p>A amplia&ccedil;&atilde;o dos centros comunit&aacute;rios de produ&ccedil;&atilde;o cultural financiados pelo Minist&eacute;rio da Cultura, os Pontos de Cultura, para 20 mil &eacute; uma das metas do ministro Juca Ferreira, que assumiu o posto h&aacute; uma semana. Desde 2003, o minist&eacute;rio instalou mil desses centros. A nova meta foi estabelecida para 2010. A estrat&eacute;gia, segundo Ferreira, &eacute; &hellip; <a href=\"https:\/\/obscom.intervozes.org.br\/?p=21767\" class=\"more-link\">Continue lendo <span class=\"screen-reader-text\">Pontos de Cultura ser\u00e3o 20 mil at\u00e9 2010, prev\u00ea Juca Ferreira<\/span> <span class=\"meta-nav\">&rarr;<\/span><\/a><\/p>\n","protected":false},"author":1,"featured_media":0,"comment_status":"open","ping_status":"open","sticky":false,"template":"","format":"standard","meta":{"footnotes":""},"categories":[40],"tags":[837],"_links":{"self":[{"href":"https:\/\/obscom.intervozes.org.br\/index.php?rest_route=\/wp\/v2\/posts\/21767"}],"collection":[{"href":"https:\/\/obscom.intervozes.org.br\/index.php?rest_route=\/wp\/v2\/posts"}],"about":[{"href":"https:\/\/obscom.intervozes.org.br\/index.php?rest_route=\/wp\/v2\/types\/post"}],"author":[{"embeddable":true,"href":"https:\/\/obscom.intervozes.org.br\/index.php?rest_route=\/wp\/v2\/users\/1"}],"replies":[{"embeddable":true,"href":"https:\/\/obscom.intervozes.org.br\/index.php?rest_route=%2Fwp%2Fv2%2Fcomments&post=21767"}],"version-history":[{"count":0,"href":"https:\/\/obscom.intervozes.org.br\/index.php?rest_route=\/wp\/v2\/posts\/21767\/revisions"}],"wp:attachment":[{"href":"https:\/\/obscom.intervozes.org.br\/index.php?rest_route=%2Fwp%2Fv2%2Fmedia&parent=21767"}],"wp:term":[{"taxonomy":"category","embeddable":true,"href":"https:\/\/obscom.intervozes.org.br\/index.php?rest_route=%2Fwp%2Fv2%2Fcategories&post=21767"},{"taxonomy":"post_tag","embeddable":true,"href":"https:\/\/obscom.intervozes.org.br\/index.php?rest_route=%2Fwp%2Fv2%2Ftags&post=21767"}],"curies":[{"name":"wp","href":"https:\/\/api.w.org\/{rel}","templated":true}]}}