{"id":21765,"date":"2008-09-05T17:54:05","date_gmt":"2008-09-05T17:54:05","guid":{"rendered":"https:\/\/obscom.intervozes.org.br\/wordpress\/?p=21765"},"modified":"2008-09-05T17:54:05","modified_gmt":"2008-09-05T17:54:05","slug":"anatel-aprova-participacao-de-grupo-arabe-na-unicel-operacao-em-sp-comeca-no-dia-8","status":"publish","type":"post","link":"https:\/\/obscom.intervozes.org.br\/?p=21765","title":{"rendered":"Anatel aprova participa\u00e7\u00e3o de grupo \u00e1rabe na Unicel; opera\u00e7\u00e3o em SP come\u00e7a no dia 8"},"content":{"rendered":"<p><span class=\"padrao\">O conselho diretor da Anatel (Ag&ecirc;ncia Nacional de Telecomunica&ccedil;&otilde;es) aprovou hoje a&nbsp; transfer&ecirc;ncia de controle da Unicel do Brasil. Pelo processo, ser&aacute; criada uma nova empresa &#8211; a Unicel Holding &#8211; e 50,99% das a&ccedil;&otilde;es ficar&atilde;o nas m&atilde;os do atual grupo controlador, enquanto 49,01% passar&atilde;o para a Hits do Brasil, dona da Qanawat, operadora m&oacute;vel da Ar&aacute;bia Saudita que tamb&eacute;m tem empresas na &Aacute;frica.<\/p>\n<p>Por se tratar de uma empresa entrante, a anu&ecirc;ncia pr&eacute;via dada pela Anatel &agrave; Unicel, n&atilde;o prev&ecirc; abertura de ato de concentra&ccedil;&atilde;o.<\/p>\n<p>A operadora de telefonia m&oacute;vel Unicel lan&ccedil;ar&aacute; comercialmente seus servi&ccedil;os na regi&atilde;o metropolitana de S&atilde;o Paulo no pr&oacute;ximo dia 8, com a marca Aeiou e vender&aacute; somente chips pr&eacute;-pagos, e n&atilde;o aparelhos. <\/p>\n<p>O objetivo da operadora &eacute; conquistar o p&uacute;blico jovem urbano. Para isso, abrir&aacute; uma loja-conceito na Vila Madalena, bairro bo&ecirc;mio de S&atilde;o Paulo. O chip n&atilde;o tem custo, mas para solicit&aacute;-lo &eacute; exigido um cr&eacute;dito de no m&iacute;nimo R$ 20,00 em minutos. O valor da recarga deve ser acima de R$ 15,00. <\/p>\n<p>A nova prestadora de telefonia celular vai disputar espa&ccedil;o em S&atilde;o Paulo com as operadoras Vivo, Tim, Claro e, a partir de outubro, com a Oi.<\/p>\n<p><strong>Universaliza&ccedil;&atilde;o e Oi<\/strong><\/p>\n<p>O conselho diretor da Anatel tamb&eacute;m aprovou a abertura de consulta p&uacute;blica para divulga&ccedil;&atilde;o do cumprimento de obriga&ccedil;&otilde;es de universaliza&ccedil;&atilde;o por concession&aacute;ria do STFC (Servi&ccedil;o de Telefonia Fixa Comutada) em 2007. A consulta ser&aacute; aberta no dia 9 deste m&ecirc;s e continuar&aacute; at&eacute; o dia 10 de novembro.<\/p>\n<p>Outra decis&atilde;o do conselho diretor da Anatel, aprovada recentemente, foi a homologa&ccedil;&atilde;o da compra do bloco de 5 MHz na freq&uuml;&ecirc;ncia de 900 MHz na regi&atilde;o metropolitana de S&atilde;o Paulo no lote 31, pela Oi. A decis&atilde;o demorou por causa da exist&ecirc;ncia de recurso da Claro, contra a TIM, onde a concorrente alegava que a legisla&ccedil;&atilde;o veta a concess&atilde;o de faixas de extens&atilde;o a operadoras que j&aacute; possuam freq&uuml;&ecirc;ncias nas bandas D e E, caso da TIM.<\/span><\/p>\n","protected":false},"excerpt":{"rendered":"<p>O conselho diretor da Anatel (Ag&ecirc;ncia Nacional de Telecomunica&ccedil;&otilde;es) aprovou hoje a&nbsp; transfer&ecirc;ncia de controle da Unicel do Brasil. Pelo processo, ser&aacute; criada uma nova empresa &#8211; a Unicel Holding &#8211; e 50,99% das a&ccedil;&otilde;es ficar&atilde;o nas m&atilde;os do atual grupo controlador, enquanto 49,01% passar&atilde;o para a Hits do Brasil, dona da Qanawat, operadora m&oacute;vel &hellip; <a href=\"https:\/\/obscom.intervozes.org.br\/?p=21765\" class=\"more-link\">Continue lendo <span class=\"screen-reader-text\">Anatel aprova participa\u00e7\u00e3o de grupo \u00e1rabe na Unicel; opera\u00e7\u00e3o em SP come\u00e7a no dia 8<\/span> <span class=\"meta-nav\">&rarr;<\/span><\/a><\/p>\n","protected":false},"author":1,"featured_media":0,"comment_status":"open","ping_status":"open","sticky":false,"template":"","format":"standard","meta":{"footnotes":""},"categories":[40],"tags":[851],"_links":{"self":[{"href":"https:\/\/obscom.intervozes.org.br\/index.php?rest_route=\/wp\/v2\/posts\/21765"}],"collection":[{"href":"https:\/\/obscom.intervozes.org.br\/index.php?rest_route=\/wp\/v2\/posts"}],"about":[{"href":"https:\/\/obscom.intervozes.org.br\/index.php?rest_route=\/wp\/v2\/types\/post"}],"author":[{"embeddable":true,"href":"https:\/\/obscom.intervozes.org.br\/index.php?rest_route=\/wp\/v2\/users\/1"}],"replies":[{"embeddable":true,"href":"https:\/\/obscom.intervozes.org.br\/index.php?rest_route=%2Fwp%2Fv2%2Fcomments&post=21765"}],"version-history":[{"count":0,"href":"https:\/\/obscom.intervozes.org.br\/index.php?rest_route=\/wp\/v2\/posts\/21765\/revisions"}],"wp:attachment":[{"href":"https:\/\/obscom.intervozes.org.br\/index.php?rest_route=%2Fwp%2Fv2%2Fmedia&parent=21765"}],"wp:term":[{"taxonomy":"category","embeddable":true,"href":"https:\/\/obscom.intervozes.org.br\/index.php?rest_route=%2Fwp%2Fv2%2Fcategories&post=21765"},{"taxonomy":"post_tag","embeddable":true,"href":"https:\/\/obscom.intervozes.org.br\/index.php?rest_route=%2Fwp%2Fv2%2Ftags&post=21765"}],"curies":[{"name":"wp","href":"https:\/\/api.w.org\/{rel}","templated":true}]}}