{"id":21762,"date":"2008-09-04T16:07:24","date_gmt":"2008-09-04T16:07:24","guid":{"rendered":"https:\/\/obscom.intervozes.org.br\/wordpress\/?p=21762"},"modified":"2008-09-04T16:07:24","modified_gmt":"2008-09-04T16:07:24","slug":"radios-da-ebc-em-brasilia-realizam-coloquio-de-parcerias","status":"publish","type":"post","link":"https:\/\/obscom.intervozes.org.br\/?p=21762","title":{"rendered":"R\u00e1dios da EBC em Bras\u00edlia realizam col\u00f3quio de parcerias"},"content":{"rendered":"<p>   \t \t \t \t \t<!-- \t\t@page { margin: 2cm } \t\tP { margin-bottom: 0.21cm } \t--> \t  <\/p>\n<p style=\"margin-bottom: 0cm\" class=\"western padrao\">A Superintend&ecirc;ncia de R&aacute;dio da Empresa Brasil de Comunica&ccedil;&atilde;o (EBC) promoveu hoje (3) um Col&oacute;quio de Parcerias em Bras&iacute;lia. Representantes de 22 entidades da sociedade civil participaram do encontro. O evento teve como objetivo apresentar as tr&ecirc;s emissoras da EBC no Distrito Federal (R&aacute;dio Nacional de Bras&iacute;lia AM, R&aacute;dio Nacional FM e R&aacute;dio MEC AM), receber cr&iacute;ticas e sugest&otilde;es para a programa&ccedil;&atilde;o, al&eacute;m de propostas de produ&ccedil;&otilde;es em parceria.<\/p>\n<p>A presidente da EBC, Tereza Cruvinel, abriu o encontro ressaltando a import&acirc;ncia da participa&ccedil;&atilde;o e do controle social na constru&ccedil;&atilde;o do sistema p&uacute;blico de comunica&ccedil;&atilde;o. <\/p>\n<p>&ldquo;Neste processo de criar a EBC se falou muito de TV p&uacute;blica, mas a proposta &eacute; bem mais ampla e inclui r&aacute;dio, internet&rdquo;, lembrou Tereza Cruvinel. <\/p>\n<p>&ldquo;Nesse sentido, o controle social &eacute; fundamental, seja por meio do Conselho Curador, que tem representantes da sociedade civil, seja por meio de encontros como esse. O Estado &eacute; o financiador, mas a sociedade tem o controle.&rdquo;<\/p>\n<p>O representante do coletivo Intervozes Br&aacute;ulio Ribeiro sugeriu que a Superintend&ecirc;ncia de R&aacute;dio da EBC crie comit&ecirc;s de ouvintes e fa&ccedil;a programas em parceria com universidades e r&aacute;dios comunit&aacute;rias, que tamb&eacute;m participaram do encontro.<\/p>\n<p>&ldquo;&Eacute; fundamental tamb&eacute;m que as r&aacute;dios da EBC veiculem interprogramas sobre o direito &agrave; comunica&ccedil;&atilde;o&rdquo;, destacou Ribeiro. &ldquo;Espa&ccedil;os de di&aacute;logo como esse s&atilde;o importantes para consolidar a EBC como uma empresa efetivamente p&uacute;blica. Mas ainda &eacute; necess&aacute;rio avan&ccedil;ar em mecanismos de gest&atilde;o mais transparentes.&rdquo;<\/p>\n<p>O representante da Central &Uacute;nica de Favelas (Cufa) Ant&ocirc;nio P&aacute;dua defendeu uma amplia&ccedil;&atilde;o do espa&ccedil;o nas r&aacute;dios para as produ&ccedil;&otilde;es culturais da periferia do Distrito Federal. Ele tamb&eacute;m ressaltou a necessidade da programa&ccedil;&atilde;o musical incluir de maneira mais efetiva produ&ccedil;&otilde;es como o rap.<\/p>\n<p>Representantes do movimento LGBTT (L&eacute;sbicas, Gays, Bissexuais, Travestis e Transexuais) e de coletivos negros reivindicaram mais espa&ccedil;o para o debate sobre discrimina&ccedil;&atilde;o e racismo, al&eacute;m de sugerirem formas de garantir a contrata&ccedil;&atilde;o afirmativa de funcion&aacute;rios para a empresa e de ampliar a capacita&ccedil;&atilde;o desses funcion&aacute;rios para a cobertura de temas sociais.<\/p>\n<p>Para o superintendente de R&aacute;dio da EBC, Orlando Guilhon, o desafio agora ser&aacute; o &quot;p&oacute;s-col&oacute;quio&quot;. &ldquo;A representa&ccedil;&atilde;o aqui foi extremamente qualificada. Sa&iacute;mos mais enriquecidos&rdquo;, agradeceu. <\/p>\n<p>&ldquo;Estamos vivendo um momento hist&oacute;rico no &acirc;mbito da comunica&ccedil;&atilde;o, seja pela constru&ccedil;&atilde;o do sistema p&uacute;blico, seja pelo fortalecimento das r&aacute;dios comunit&aacute;rias. Agora, essa pauta &eacute; um desafio da sociedade, se n&atilde;o tiver press&atilde;o social n&atilde;o vai sair do papel.&rdquo;<\/p>\n<p>Para enviar cr&iacute;ticas ou sugest&otilde;es para a programa&ccedil;&atilde;o das r&aacute;dios da EBC em Bras&iacute;lia, escreva para centraldoouvinte@radiobras.gov.br.<\/p>\n","protected":false},"excerpt":{"rendered":"<p>A Superintend&ecirc;ncia de R&aacute;dio da Empresa Brasil de Comunica&ccedil;&atilde;o (EBC) promoveu hoje (3) um Col&oacute;quio de Parcerias em Bras&iacute;lia. Representantes de 22 entidades da sociedade civil participaram do encontro. O evento teve como objetivo apresentar as tr&ecirc;s emissoras da EBC no Distrito Federal (R&aacute;dio Nacional de Bras&iacute;lia AM, R&aacute;dio Nacional FM e R&aacute;dio MEC AM), &hellip; <a href=\"https:\/\/obscom.intervozes.org.br\/?p=21762\" class=\"more-link\">Continue lendo <span class=\"screen-reader-text\">R\u00e1dios da EBC em Bras\u00edlia realizam col\u00f3quio de parcerias<\/span> <span class=\"meta-nav\">&rarr;<\/span><\/a><\/p>\n","protected":false},"author":1,"featured_media":0,"comment_status":"open","ping_status":"open","sticky":false,"template":"","format":"standard","meta":{"footnotes":""},"categories":[40],"tags":[703],"_links":{"self":[{"href":"https:\/\/obscom.intervozes.org.br\/index.php?rest_route=\/wp\/v2\/posts\/21762"}],"collection":[{"href":"https:\/\/obscom.intervozes.org.br\/index.php?rest_route=\/wp\/v2\/posts"}],"about":[{"href":"https:\/\/obscom.intervozes.org.br\/index.php?rest_route=\/wp\/v2\/types\/post"}],"author":[{"embeddable":true,"href":"https:\/\/obscom.intervozes.org.br\/index.php?rest_route=\/wp\/v2\/users\/1"}],"replies":[{"embeddable":true,"href":"https:\/\/obscom.intervozes.org.br\/index.php?rest_route=%2Fwp%2Fv2%2Fcomments&post=21762"}],"version-history":[{"count":0,"href":"https:\/\/obscom.intervozes.org.br\/index.php?rest_route=\/wp\/v2\/posts\/21762\/revisions"}],"wp:attachment":[{"href":"https:\/\/obscom.intervozes.org.br\/index.php?rest_route=%2Fwp%2Fv2%2Fmedia&parent=21762"}],"wp:term":[{"taxonomy":"category","embeddable":true,"href":"https:\/\/obscom.intervozes.org.br\/index.php?rest_route=%2Fwp%2Fv2%2Fcategories&post=21762"},{"taxonomy":"post_tag","embeddable":true,"href":"https:\/\/obscom.intervozes.org.br\/index.php?rest_route=%2Fwp%2Fv2%2Ftags&post=21762"}],"curies":[{"name":"wp","href":"https:\/\/api.w.org\/{rel}","templated":true}]}}