{"id":21761,"date":"2008-09-04T15:11:31","date_gmt":"2008-09-04T15:11:31","guid":{"rendered":"https:\/\/obscom.intervozes.org.br\/wordpress\/?p=21761"},"modified":"2008-09-04T15:11:31","modified_gmt":"2008-09-04T15:11:31","slug":"requerimento-de-urgencia-pode-levar-o-pl-29-a-votacao-no-plenario","status":"publish","type":"post","link":"https:\/\/obscom.intervozes.org.br\/?p=21761","title":{"rendered":"Requerimento de urg\u00eancia pode levar o PL-29 \u00e0 vota\u00e7\u00e3o no plen\u00e1rio"},"content":{"rendered":"<p class=\"padrao\"><u><strong>Reproduzido do Telecom Online<\/strong><\/u><\/p>\n<p>O deputado Jorge Bittar (PT-RJ) acredita que a tramita&ccedil;&atilde;o do Projeto de Lei 29\/2007 &ndash; que trata da cadeia do audiovisual e do mercado de TV por assinatura &ndash; pode ser agilizada se o acordo entre os l&iacute;deres for fechado no prazo de uma semana e a base governista na C&acirc;mara dos Deputados se mobilizar. Segundo nota publicada nesta quarta-feira (3), no blog do pr&oacute;prio deputado, ele j&aacute; conta com a &quot;concord&acirc;ncia&quot; do presidente da Casa, deputado Arlindo Chinaglia (PT-SP), quanto ao requerimento de urg&ecirc;ncia que levaria o projeto direto para a vota&ccedil;&atilde;o em plen&aacute;rio.<\/p>\n<p>&quot;Os entendimentos t&ecirc;m evolu&iacute;do muito positivamente e ele (Jorge Bittar) acredita que o acordo parlamentar possa ser fechado em uma semana&quot;, informa o blog. A publica&ccedil;&atilde;o tamb&eacute;m relata que, nesta semana, houve sucessivas reuni&otilde;es do deputado com os atores envolvidos no debates. Os encontros v&ecirc;m acontecendo de segunda-feira a quarta-feira. A nota ainda salienta que o deputado considera relevante o movimento de mobiliza&ccedil;&atilde;o do governo que est&aacute; se formando para a aprova&ccedil;&atilde;o do substitutivo.<\/p>\n","protected":false},"excerpt":{"rendered":"<p>Reproduzido do Telecom Online O deputado Jorge Bittar (PT-RJ) acredita que a tramita&ccedil;&atilde;o do Projeto de Lei 29\/2007 &ndash; que trata da cadeia do audiovisual e do mercado de TV por assinatura &ndash; pode ser agilizada se o acordo entre os l&iacute;deres for fechado no prazo de uma semana e a base governista na C&acirc;mara &hellip; <a href=\"https:\/\/obscom.intervozes.org.br\/?p=21761\" class=\"more-link\">Continue lendo <span class=\"screen-reader-text\">Requerimento de urg\u00eancia pode levar o PL-29 \u00e0 vota\u00e7\u00e3o no plen\u00e1rio<\/span> <span class=\"meta-nav\">&rarr;<\/span><\/a><\/p>\n","protected":false},"author":1,"featured_media":0,"comment_status":"open","ping_status":"open","sticky":false,"template":"","format":"standard","meta":{"footnotes":""},"categories":[39],"tags":[],"_links":{"self":[{"href":"https:\/\/obscom.intervozes.org.br\/index.php?rest_route=\/wp\/v2\/posts\/21761"}],"collection":[{"href":"https:\/\/obscom.intervozes.org.br\/index.php?rest_route=\/wp\/v2\/posts"}],"about":[{"href":"https:\/\/obscom.intervozes.org.br\/index.php?rest_route=\/wp\/v2\/types\/post"}],"author":[{"embeddable":true,"href":"https:\/\/obscom.intervozes.org.br\/index.php?rest_route=\/wp\/v2\/users\/1"}],"replies":[{"embeddable":true,"href":"https:\/\/obscom.intervozes.org.br\/index.php?rest_route=%2Fwp%2Fv2%2Fcomments&post=21761"}],"version-history":[{"count":0,"href":"https:\/\/obscom.intervozes.org.br\/index.php?rest_route=\/wp\/v2\/posts\/21761\/revisions"}],"wp:attachment":[{"href":"https:\/\/obscom.intervozes.org.br\/index.php?rest_route=%2Fwp%2Fv2%2Fmedia&parent=21761"}],"wp:term":[{"taxonomy":"category","embeddable":true,"href":"https:\/\/obscom.intervozes.org.br\/index.php?rest_route=%2Fwp%2Fv2%2Fcategories&post=21761"},{"taxonomy":"post_tag","embeddable":true,"href":"https:\/\/obscom.intervozes.org.br\/index.php?rest_route=%2Fwp%2Fv2%2Ftags&post=21761"}],"curies":[{"name":"wp","href":"https:\/\/api.w.org\/{rel}","templated":true}]}}