{"id":21759,"date":"2008-09-03T18:50:52","date_gmt":"2008-09-03T18:50:52","guid":{"rendered":"https:\/\/obscom.intervozes.org.br\/wordpress\/?p=21759"},"modified":"2008-09-03T18:50:52","modified_gmt":"2008-09-03T18:50:52","slug":"ministerio-publico-da-pb-pede-a-saida-de-dirigente-da-brt-do-conselho-da-anatel","status":"publish","type":"post","link":"https:\/\/obscom.intervozes.org.br\/?p=21759","title":{"rendered":"Minist\u00e9rio P\u00fablico da PB pede a sa\u00edda de dirigente da BrT do Conselho da Anatel"},"content":{"rendered":"<p class=\"padrao\"><u><strong>Reproduzido do Portal Imprensa<\/strong><\/u><\/p>\n<p>O Minist&eacute;rio P&uacute;blico da Para&iacute;ba entrou com uma a&ccedil;&atilde;o civil p&uacute;blica na Justi&ccedil;a Federal pedindo a destitui&ccedil;&atilde;o de Jos&eacute; Lucimar Zunga de sua cadeira no Conselho Consultivo da Ag&ecirc;ncia Nacional de Telecomunica&ccedil;&otilde;es (Anatel). Na a&ccedil;&atilde;o, segundo publicado pela <em>Ag&ecirc;ncia Estado<\/em>, o procurador da Rep&uacute;blica Duciran Van Marsen Farena&nbsp;alega que Zunga atua como dirigente da concession&aacute;ria de telefonia Brasil Telecom (BrT)&nbsp;e est&aacute; ocupando vaga, na Anatel, destinada a entidades representativas da sociedade civil.<\/p>\n<p class=\"padrao\">Em nota, o Minist&eacute;rio P&uacute;blico esclarece que n&atilde;o questiona a honradez ou independ&ecirc;ncia de Zunga para analisar qualquer assunto na Anatel. Mas, destaca que h&aacute; jurisprud&ecirc;ncia no Tribunal Regional Federal da 5&ordf; regi&atilde;o e no Superior Tribunal de Justi&ccedil;a (STJ) sobre o assunto, com entendimento de que quem ocupa um cargo em uma concession&aacute;ria n&atilde;o pode representar a sociedade civil ou os consumidores no conselho consultivo da ag&ecirc;ncia. No conselho, ele representa o Instituto Observat&oacute;rio Social de Telecomunica&ccedil;&otilde;es (Iost).<\/p>\n<p class=\"padrao\">Procurada pela reportagem do <em>Portal Imprensa<\/em> a assessoria da Anatel informou que n&atilde;o recebeu, at&eacute; o final da tarde desta quarta-feira (3), qualquer intima&ccedil;&atilde;o a respeito.<\/p>\n<p> <span class=\"padrao\"><\/span><\/p>\n","protected":false},"excerpt":{"rendered":"<p>Reproduzido do Portal Imprensa O Minist&eacute;rio P&uacute;blico da Para&iacute;ba entrou com uma a&ccedil;&atilde;o civil p&uacute;blica na Justi&ccedil;a Federal pedindo a destitui&ccedil;&atilde;o de Jos&eacute; Lucimar Zunga de sua cadeira no Conselho Consultivo da Ag&ecirc;ncia Nacional de Telecomunica&ccedil;&otilde;es (Anatel). Na a&ccedil;&atilde;o, segundo publicado pela Ag&ecirc;ncia Estado, o procurador da Rep&uacute;blica Duciran Van Marsen Farena&nbsp;alega que Zunga atua &hellip; <a href=\"https:\/\/obscom.intervozes.org.br\/?p=21759\" class=\"more-link\">Continue lendo <span class=\"screen-reader-text\">Minist\u00e9rio P\u00fablico da PB pede a sa\u00edda de dirigente da BrT do Conselho da Anatel<\/span> <span class=\"meta-nav\">&rarr;<\/span><\/a><\/p>\n","protected":false},"author":1,"featured_media":0,"comment_status":"open","ping_status":"open","sticky":false,"template":"","format":"standard","meta":{"footnotes":""},"categories":[39],"tags":[],"_links":{"self":[{"href":"https:\/\/obscom.intervozes.org.br\/index.php?rest_route=\/wp\/v2\/posts\/21759"}],"collection":[{"href":"https:\/\/obscom.intervozes.org.br\/index.php?rest_route=\/wp\/v2\/posts"}],"about":[{"href":"https:\/\/obscom.intervozes.org.br\/index.php?rest_route=\/wp\/v2\/types\/post"}],"author":[{"embeddable":true,"href":"https:\/\/obscom.intervozes.org.br\/index.php?rest_route=\/wp\/v2\/users\/1"}],"replies":[{"embeddable":true,"href":"https:\/\/obscom.intervozes.org.br\/index.php?rest_route=%2Fwp%2Fv2%2Fcomments&post=21759"}],"version-history":[{"count":0,"href":"https:\/\/obscom.intervozes.org.br\/index.php?rest_route=\/wp\/v2\/posts\/21759\/revisions"}],"wp:attachment":[{"href":"https:\/\/obscom.intervozes.org.br\/index.php?rest_route=%2Fwp%2Fv2%2Fmedia&parent=21759"}],"wp:term":[{"taxonomy":"category","embeddable":true,"href":"https:\/\/obscom.intervozes.org.br\/index.php?rest_route=%2Fwp%2Fv2%2Fcategories&post=21759"},{"taxonomy":"post_tag","embeddable":true,"href":"https:\/\/obscom.intervozes.org.br\/index.php?rest_route=%2Fwp%2Fv2%2Ftags&post=21759"}],"curies":[{"name":"wp","href":"https:\/\/api.w.org\/{rel}","templated":true}]}}