{"id":21757,"date":"2008-09-03T17:50:24","date_gmt":"2008-09-03T17:50:24","guid":{"rendered":"https:\/\/obscom.intervozes.org.br\/wordpress\/?p=21757"},"modified":"2008-09-03T17:50:24","modified_gmt":"2008-09-03T17:50:24","slug":"cristina-kirchner-vem-ao-brasil-discutir-adocao-do-padrao-nacional","status":"publish","type":"post","link":"https:\/\/obscom.intervozes.org.br\/?p=21757","title":{"rendered":"Cristina Kirchner vem ao Brasil discutir ado\u00e7\u00e3o do padr\u00e3o nacional"},"content":{"rendered":"<p>   \t \t \t \t \t<!-- \t\t@page { margin: 2cm } \t\tP { margin-bottom: 0.21cm } \t--> \t  <\/p>\n<p style=\"margin-bottom: 0cm\" class=\"western padrao\">Na pr&oacute;xima semana, uma comitiva argentina vir&aacute; ao Brasil para, entre outros assuntos, estreitar o di&aacute;logo sobre a ado&ccedil;&atilde;o do padr&atilde;o brasileiro de televis&atilde;o digital naquele pa&iacute;s. O grupo ser&aacute; liderado pela presidente da Argentina, Cristina Kirchner, convidada pelo governo brasileiro para participar das comemora&ccedil;&otilde;es do Dia da P&aacute;tria (7 de setembro). O cerimonial do Pal&aacute;cio do Planalto confirmou a vinda da chefe de Estado no domingo (7). Na segunda (8), Cristina e seus ministros t&ecirc;m agenda marcada com diversos &oacute;rg&atilde;os do governo brasileiro e um dos temas &eacute; a TV digital. <\/p>\n<p>Convencer a Argentina a aderir ao padr&atilde;o adotado no Brasil, o ISDB-T, e atualizado por pesquisadores locais faz parte da estrat&eacute;gia do governo de transformar o sistema nipo-brasileiro em um padr&atilde;o na Am&eacute;rica Latina. Al&eacute;m da Argentina, o governo tem conversado com Chile, Peru, Venezuela, Paraguai e Bol&iacute;via. Alguns flertam com outros pa&iacute;ses na escolha do padr&atilde;o de televis&atilde;o digital, como &eacute; o caso do Chile, que j&aacute; teria feito uma escolha pr&eacute;via do padr&atilde;o norte-americano, o ATSC, mas voltou atr&aacute;s no final do ano passado e retomou as an&aacute;lises dos sistemas. <\/p>\n<p>A batalha para expandir o padr&atilde;o nipo-brasileiro para al&eacute;m das fronteiras nacionais j&aacute; sofreu duas derrotas. Em agosto de 2007, o Uruguai optou pelo padr&atilde;o europeu, o DVB. A Col&ocirc;mbia tamb&eacute;m anunciou h&aacute; alguns dias a ado&ccedil;&atilde;o do sistema europeu. Para o assessor especial da Casa Civil, Andr&eacute; Barbosa, a escolha colombiana n&atilde;o impede que o governo brasileiro continue negociando com o pa&iacute;s outras quest&otilde;es relevantes para o mercado futuro a ser criado com a digitaliza&ccedil;&atilde;o, como interoperabilidade dos sistemas e o estabelecimento de um acordo que permita a compra e venda de produ&ccedil;&otilde;es feitas pelos dois pa&iacute;ses. <\/p>\n<p>Teria pesado na escolha da Col&ocirc;mbia outros crit&eacute;rios para al&eacute;m da qualidade t&eacute;cnica do sistema DVB, j&aacute; que aquele pa&iacute;s possui boas rela&ccedil;&otilde;es com a Telef&oacute;nica de Espanha, defensora do padr&atilde;o europeu. Barbosa n&atilde;o v&ecirc; nenhum problema nisso, uma vez que o pr&oacute;prio Brasil considerou contrapartidas com o Jap&atilde;o na negocia&ccedil;&atilde;o que culminou na ado&ccedil;&atilde;o do ISDB. <\/p>\n<p><strong>O mais evolu&iacute;do<\/strong> <\/p>\n<p>O governo brasileiro est&aacute; muito seguro do produto que est&aacute; tentando &ldquo;vender&rdquo; aos pa&iacute;ses vizinhos. Com os avan&ccedil;os feitos por pesquisadores brasileiros, os porta-vozes da negocia&ccedil;&atilde;o n&atilde;o se intimidam de colocar o padr&atilde;o nipo-brasileiro como o mais avan&ccedil;ado dentre os sistemas dispon&iacute;veis hoje no mercado. &ldquo;Na foto que existe hoje, somos o (pa&iacute;s) que tem os equipamentos mais evolu&iacute;dos. E eu espero que isso possa ser passado para outros pa&iacute;ses&rdquo;, avalia Barbosa, que trata do assunto dentro da Casa Civil. <\/p>\n<p>Al&eacute;m de oferecer um sistema mais atualizado do que os demais dispon&iacute;veis, o governo brasileiro assegura que n&atilde;o cobrar&aacute; royalties de quem adotar o padr&atilde;o e que estimular&aacute; a pesquisa conjunta dos pa&iacute;ses, transferindo a tecnologia para os futuros parceiros. H&aacute; um vi&eacute;s pol&iacute;tico tamb&eacute;m nas negocia&ccedil;&otilde;es, na medida em que o Brasil defende a constitui&ccedil;&atilde;o de um player global com a ado&ccedil;&atilde;o do padr&atilde;o pela Am&eacute;rica Latina, o que garantiria for&ccedil;a e escala para que os pa&iacute;ses do grupo pudessem competir com os demais sistemas em funcionamento do mundo.  <\/p>\n","protected":false},"excerpt":{"rendered":"<p>Na pr&oacute;xima semana, uma comitiva argentina vir&aacute; ao Brasil para, entre outros assuntos, estreitar o di&aacute;logo sobre a ado&ccedil;&atilde;o do padr&atilde;o brasileiro de televis&atilde;o digital naquele pa&iacute;s. O grupo ser&aacute; liderado pela presidente da Argentina, Cristina Kirchner, convidada pelo governo brasileiro para participar das comemora&ccedil;&otilde;es do Dia da P&aacute;tria (7 de setembro). O cerimonial do &hellip; <a href=\"https:\/\/obscom.intervozes.org.br\/?p=21757\" class=\"more-link\">Continue lendo <span class=\"screen-reader-text\">Cristina Kirchner vem ao Brasil discutir ado\u00e7\u00e3o do padr\u00e3o nacional<\/span> <span class=\"meta-nav\">&rarr;<\/span><\/a><\/p>\n","protected":false},"author":1,"featured_media":0,"comment_status":"open","ping_status":"open","sticky":false,"template":"","format":"standard","meta":{"footnotes":""},"categories":[40],"tags":[79],"_links":{"self":[{"href":"https:\/\/obscom.intervozes.org.br\/index.php?rest_route=\/wp\/v2\/posts\/21757"}],"collection":[{"href":"https:\/\/obscom.intervozes.org.br\/index.php?rest_route=\/wp\/v2\/posts"}],"about":[{"href":"https:\/\/obscom.intervozes.org.br\/index.php?rest_route=\/wp\/v2\/types\/post"}],"author":[{"embeddable":true,"href":"https:\/\/obscom.intervozes.org.br\/index.php?rest_route=\/wp\/v2\/users\/1"}],"replies":[{"embeddable":true,"href":"https:\/\/obscom.intervozes.org.br\/index.php?rest_route=%2Fwp%2Fv2%2Fcomments&post=21757"}],"version-history":[{"count":0,"href":"https:\/\/obscom.intervozes.org.br\/index.php?rest_route=\/wp\/v2\/posts\/21757\/revisions"}],"wp:attachment":[{"href":"https:\/\/obscom.intervozes.org.br\/index.php?rest_route=%2Fwp%2Fv2%2Fmedia&parent=21757"}],"wp:term":[{"taxonomy":"category","embeddable":true,"href":"https:\/\/obscom.intervozes.org.br\/index.php?rest_route=%2Fwp%2Fv2%2Fcategories&post=21757"},{"taxonomy":"post_tag","embeddable":true,"href":"https:\/\/obscom.intervozes.org.br\/index.php?rest_route=%2Fwp%2Fv2%2Ftags&post=21757"}],"curies":[{"name":"wp","href":"https:\/\/api.w.org\/{rel}","templated":true}]}}