{"id":21752,"date":"2008-09-02T18:14:41","date_gmt":"2008-09-02T18:14:41","guid":{"rendered":"https:\/\/obscom.intervozes.org.br\/wordpress\/?p=21752"},"modified":"2008-09-02T18:14:41","modified_gmt":"2008-09-02T18:14:41","slug":"autor-do-pedido-de-redistribuicao-desconhece-tramitacao-do-pl-29","status":"publish","type":"post","link":"https:\/\/obscom.intervozes.org.br\/?p=21752","title":{"rendered":"Autor do pedido de redistribui\u00e7\u00e3o desconhece tramita\u00e7\u00e3o do PL-29"},"content":{"rendered":"\n<p class=\"padrao\">&ldquo;Se n&atilde;o houver altera&ccedil;&atilde;o no texto que foi aprovado, ele segue direto para a Comiss&atilde;o de Constitui&ccedil;&atilde;o e Justi&ccedil;a&rdquo;. A afirma&ccedil;&atilde;o foi feita pelo deputado federal, Cezar Silvestri (PPS-PR), autor do pedido de redistribui&ccedil;&atilde;o do Projeto de Lei 29\/2007, mostrando desconhecimento sobre a tramita&ccedil;&atilde;o da mat&eacute;ria na Casa. &ldquo;Eu achei que ele tinha sido votado&rdquo;, surpreende-se.<\/p>\n<p>O projeto, que trata da regulamenta&ccedil;&atilde;o do setor das TVs por assinatura, estava sendo analisado na Comiss&atilde;o de Ci&ecirc;ncia e Tecnologia, Comunica&ccedil;&atilde;o e Inform&aacute;tica (CCTCI) desde mar&ccedil;o de 2007, mas ainda n&atilde;o tinha sido votado. No dia 28\/8, a Presid&ecirc;ncia da C&acirc;mara aprovou o envio do PL-29 para a Comiss&atilde;o de Defesa do Consumidor (CDC).<\/p>\n<p>O relator do projeto na CCTCI, Jorge Bittar, afirma que o pedido de redistribui&ccedil;&atilde;o &eacute; iniciativa de interessados em atrasar a aprova&ccedil;&atilde;o do projeto.<\/p>\n<p>&ldquo;Foi uma manobra protelat&oacute;ria. Evidentemente, se ele (Cezar) toma essa iniciativa sem saber do que se trata, foi a pedido de algu&eacute;m&rdquo;.<\/p>\n<p>Silvestri afirma que o pedido foi feito pela assessoria da CDC com a justificativa de que o projeto tem impacto nos consumidores e seria analisado pela comiss&atilde;o.<\/p>\n<p>Se depender da vontade de Bittar, continuar&aacute; sem passar. O deputado pretende costurar um acordo entre os l&iacute;deres para, por meio de um requerimento de urg&ecirc;ncia, enviar o PL-29 direto para o Plen&aacute;rio. Ele est&aacute; em Bras&iacute;lia trabalhando para fechar o acordo ainda esta semana.<\/p>\n","protected":false},"excerpt":{"rendered":"<p>&ldquo;Se n&atilde;o houver altera&ccedil;&atilde;o no texto que foi aprovado, ele segue direto para a Comiss&atilde;o de Constitui&ccedil;&atilde;o e Justi&ccedil;a&rdquo;. A afirma&ccedil;&atilde;o foi feita pelo deputado federal, Cezar Silvestri (PPS-PR), autor do pedido de redistribui&ccedil;&atilde;o do Projeto de Lei 29\/2007, mostrando desconhecimento sobre a tramita&ccedil;&atilde;o da mat&eacute;ria na Casa. &ldquo;Eu achei que ele tinha sido votado&rdquo;, &hellip; <a href=\"https:\/\/obscom.intervozes.org.br\/?p=21752\" class=\"more-link\">Continue lendo <span class=\"screen-reader-text\">Autor do pedido de redistribui\u00e7\u00e3o desconhece tramita\u00e7\u00e3o do PL-29<\/span> <span class=\"meta-nav\">&rarr;<\/span><\/a><\/p>\n","protected":false},"author":1,"featured_media":0,"comment_status":"open","ping_status":"open","sticky":false,"template":"","format":"standard","meta":{"footnotes":""},"categories":[40],"tags":[437],"_links":{"self":[{"href":"https:\/\/obscom.intervozes.org.br\/index.php?rest_route=\/wp\/v2\/posts\/21752"}],"collection":[{"href":"https:\/\/obscom.intervozes.org.br\/index.php?rest_route=\/wp\/v2\/posts"}],"about":[{"href":"https:\/\/obscom.intervozes.org.br\/index.php?rest_route=\/wp\/v2\/types\/post"}],"author":[{"embeddable":true,"href":"https:\/\/obscom.intervozes.org.br\/index.php?rest_route=\/wp\/v2\/users\/1"}],"replies":[{"embeddable":true,"href":"https:\/\/obscom.intervozes.org.br\/index.php?rest_route=%2Fwp%2Fv2%2Fcomments&post=21752"}],"version-history":[{"count":0,"href":"https:\/\/obscom.intervozes.org.br\/index.php?rest_route=\/wp\/v2\/posts\/21752\/revisions"}],"wp:attachment":[{"href":"https:\/\/obscom.intervozes.org.br\/index.php?rest_route=%2Fwp%2Fv2%2Fmedia&parent=21752"}],"wp:term":[{"taxonomy":"category","embeddable":true,"href":"https:\/\/obscom.intervozes.org.br\/index.php?rest_route=%2Fwp%2Fv2%2Fcategories&post=21752"},{"taxonomy":"post_tag","embeddable":true,"href":"https:\/\/obscom.intervozes.org.br\/index.php?rest_route=%2Fwp%2Fv2%2Ftags&post=21752"}],"curies":[{"name":"wp","href":"https:\/\/api.w.org\/{rel}","templated":true}]}}