{"id":21745,"date":"2008-09-01T17:58:49","date_gmt":"2008-09-01T17:58:49","guid":{"rendered":"https:\/\/obscom.intervozes.org.br\/wordpress\/?p=21745"},"modified":"2008-09-01T17:58:49","modified_gmt":"2008-09-01T17:58:49","slug":"chega-a-justica-primeira-acao-contra-a-fusao-brt-oi","status":"publish","type":"post","link":"https:\/\/obscom.intervozes.org.br\/?p=21745","title":{"rendered":"Chega \u00e0 Justi\u00e7a primeira a\u00e7\u00e3o contra a fus\u00e3o BrT-Oi"},"content":{"rendered":"<p><span class=\"padrao\"><span><u><strong>Reproduzido da Teletime News<\/strong><\/u><\/p>\n<p>As empresas Brasil Telecom e Oi, &oacute;rg&atilde;os do governo e at&eacute; o presidente Lula ter&atilde;o que se explicar na Justi&ccedil;a sobre a cria&ccedil;&atilde;o da BrT-Oi. A 8&ordm; Vara Federal de Justi&ccedil;a do Cear&aacute; analisa uma a&ccedil;&atilde;o popular contra a uni&atilde;o das duas concession&aacute;rias. A a&ccedil;&atilde;o foi movida por Jos&eacute; Carlos Martins Moror&oacute; de Almeida em 4 de agosto. <br \/>Na lista de r&eacute;us est&atilde;o a Uni&atilde;o, a Anatel, a CVM, a Tele Norte Leste Participa&ccedil;&otilde;es e a Telemar Norte Leste Participa&ccedil;&otilde;es, a Brasil Telecom S.A. e a Brasil Telecom Participa&ccedil;&otilde;es, a Invitel (controladora da BrT) e o Credit Suisse Brasil (custodiante das a&ccedil;&otilde;es de controle da Brasil Telecom). O documento cita ainda, nominalmente, entre os r&eacute;us, o presidente Lula, o presidente da Anatel, embaixador Ronaldo Sardenberg, e o ex-presidente da CVM, Marcelo Trindade. <\/p>\n<p>A &iacute;ntegra da a&ccedil;&atilde;o ainda n&atilde;o foi divulgada pela Justi&ccedil;a cearense. As informa&ccedil;&otilde;es divulgadas at&eacute; o momento pela assessoria s&atilde;o de que as partes j&aacute; foram autuadas e de que a a&ccedil;&atilde;o inclui um pedido de liminar, provavelmente para suspender o contrato assinado entre Oi e Brasil Telecom. A Anatel confirmou que foi notificada formalmente da a&ccedil;&atilde;o e que responder&aacute; dentro do prazo estipulado pelo ju&iacute;zo, de 20 dias contados a partir da confirma&ccedil;&atilde;o de autua&ccedil;&atilde;o do &uacute;ltimo r&eacute;u no processo. <\/p>\n<p>A autua&ccedil;&atilde;o foi emitida no dia 20 de agosto pela ju&iacute;za federal substituta da 8&ordm; Vara, Elise Avesque Frota. No despacho, a ju&iacute;za justifica a sua decis&atilde;o de notificar e ouvir as partes citadas alegando ser imprescind&iacute;vel a participa&ccedil;&atilde;o dos r&eacute;us nos autos para preservar o contradit&oacute;rio. No mesmo documento &eacute; solicitado que a TNL e a Telemar Norte Leste encaminhem &agrave; Justi&ccedil;a c&oacute;pia do contrato questionado na a&ccedil;&atilde;o.<\/span><\/span><\/p>\n","protected":false},"excerpt":{"rendered":"<p>Reproduzido da Teletime News As empresas Brasil Telecom e Oi, &oacute;rg&atilde;os do governo e at&eacute; o presidente Lula ter&atilde;o que se explicar na Justi&ccedil;a sobre a cria&ccedil;&atilde;o da BrT-Oi. A 8&ordm; Vara Federal de Justi&ccedil;a do Cear&aacute; analisa uma a&ccedil;&atilde;o popular contra a uni&atilde;o das duas concession&aacute;rias. A a&ccedil;&atilde;o foi movida por Jos&eacute; Carlos Martins &hellip; <a href=\"https:\/\/obscom.intervozes.org.br\/?p=21745\" class=\"more-link\">Continue lendo <span class=\"screen-reader-text\">Chega \u00e0 Justi\u00e7a primeira a\u00e7\u00e3o contra a fus\u00e3o BrT-Oi<\/span> <span class=\"meta-nav\">&rarr;<\/span><\/a><\/p>\n","protected":false},"author":1,"featured_media":0,"comment_status":"open","ping_status":"open","sticky":false,"template":"","format":"standard","meta":{"footnotes":""},"categories":[39],"tags":[],"_links":{"self":[{"href":"https:\/\/obscom.intervozes.org.br\/index.php?rest_route=\/wp\/v2\/posts\/21745"}],"collection":[{"href":"https:\/\/obscom.intervozes.org.br\/index.php?rest_route=\/wp\/v2\/posts"}],"about":[{"href":"https:\/\/obscom.intervozes.org.br\/index.php?rest_route=\/wp\/v2\/types\/post"}],"author":[{"embeddable":true,"href":"https:\/\/obscom.intervozes.org.br\/index.php?rest_route=\/wp\/v2\/users\/1"}],"replies":[{"embeddable":true,"href":"https:\/\/obscom.intervozes.org.br\/index.php?rest_route=%2Fwp%2Fv2%2Fcomments&post=21745"}],"version-history":[{"count":0,"href":"https:\/\/obscom.intervozes.org.br\/index.php?rest_route=\/wp\/v2\/posts\/21745\/revisions"}],"wp:attachment":[{"href":"https:\/\/obscom.intervozes.org.br\/index.php?rest_route=%2Fwp%2Fv2%2Fmedia&parent=21745"}],"wp:term":[{"taxonomy":"category","embeddable":true,"href":"https:\/\/obscom.intervozes.org.br\/index.php?rest_route=%2Fwp%2Fv2%2Fcategories&post=21745"},{"taxonomy":"post_tag","embeddable":true,"href":"https:\/\/obscom.intervozes.org.br\/index.php?rest_route=%2Fwp%2Fv2%2Ftags&post=21745"}],"curies":[{"name":"wp","href":"https:\/\/api.w.org\/{rel}","templated":true}]}}