{"id":21743,"date":"2008-09-01T16:56:15","date_gmt":"2008-09-01T16:56:15","guid":{"rendered":"https:\/\/obscom.intervozes.org.br\/wordpress\/?p=21743"},"modified":"2008-09-01T16:56:15","modified_gmt":"2008-09-01T16:56:15","slug":"decreto-presidencial-lancara-programa-de-incentivo-as-tics","status":"publish","type":"post","link":"https:\/\/obscom.intervozes.org.br\/?p=21743","title":{"rendered":"Decreto Presidencial lan\u00e7ar\u00e1 programa de incentivo \u00e0s TICs"},"content":{"rendered":"<p>   \t \t \t \t \t<!-- \t\t@page { margin: 2cm } \t\tP { margin-bottom: 0.21cm } \t--> \t  <\/p>\n<p style=\"margin-bottom: 0cm\" class=\"western padrao\">A Casa Civil da Presid&ecirc;ncia da Rep&uacute;blica faz os &uacute;ltimos ajustes no Decreto Presidencial que criar&aacute; o Programa de Desenvolvimento de Tecnologias Digitais para Informa&ccedil;&atilde;o e Comunica&ccedil;&atilde;o (Protic). O Decreto deve ser assinado pelo presidente Lula e publicado no Di&aacute;rio Oficial, em no m&aacute;ximo 15 dias. O bra&ccedil;o operacional do Protic ser&aacute; o Centro de Pesquisa e Desenvolvimento em Tecnologias Digitais para Informa&ccedil;&atilde;o e Comunica&ccedil;&atilde;o (Cetic), entidade que ficar&aacute; sob o controle da Rede Nacional de Pesquisa (RNP).<\/p>\n<p>Criado pelo Minist&eacute;rio da Ci&ecirc;ncia e Tecnologia, a partir da percep&ccedil;&atilde;o de que os ambientes est&atilde;o cada vez mais digitalizados e as novas m&iacute;dias ganhando espa&ccedil;o no dia-a-dia das pessoas apesar da oferta insuficiente de conte&uacute;dos, o Cetic ter&aacute;, no in&iacute;cio, R$ 20 milh&otilde;es para financiar o desenvolvimento da cadeia Tecnol&oacute;gica da Informa&ccedil;&atilde;o e da Comunica&ccedil;&atilde;o. <\/p>\n<p>O centro tamb&eacute;m ter&aacute; a miss&atilde;o de fomentar uma base industrial no Brasil; desenvolver capacita&ccedil;&atilde;o e forma&ccedil;&atilde;o de pessoal e gerar produtos aplicados gerados a partir da intera&ccedil;&atilde;o entre as universidades e empresas.<\/p>\n<p>Na pr&aacute;tica, o Governo est&aacute; transferindo para o Cetic, as decis&otilde;es para complemento de pesquisa na &aacute;rea de Tecnologia da Informa&ccedil;&atilde;o . A aposta &eacute; de que, assim, o governo ter&aacute; mais condi&ccedil;&otilde;es de direcionar esse desenvolvimento atrav&eacute;s de chamadas p&uacute;blicas voltadas &agrave;s universidades, com prioridade para cinco grandes temas: Educa&ccedil;&atilde;o, Sa&uacute;de, Seguran&ccedil;a, Treinamento e Forma&ccedil;&atilde;o profissional.<\/p>\n<p>Tanto que, parte dos R$ 20 milh&otilde;es dispon&iacute;veis, j&aacute; tem endere&ccedil;o certo: O financiamento de um centro de desenvolvimento de conte&uacute;dos interativos interoper&aacute;veis. E o ponto de partida do programa ser&atilde;o os projetos que d&ecirc;em continuidade ao trabalho realizado pelo cons&oacute;rcio do Sistema Brasileiro de TV Digital.<\/p>\n<p>&quot;Est&atilde;o previstas linhas de financiamento de R$ 100 mil a R$ 400 mil para programas modulares de conte&uacute;do e de R$ 1 milh&atilde;o a r$ 3 milh&otilde;es para conte&uacute;dos e laborat&oacute;rios&quot;, diz Andr&eacute; Barbosa, Assessor da Casa Civil da Presid&ecirc;ncia da Rep&uacute;blica, que esteve no SET 2008, evento voltado para a Radiodifus&atilde;o, realizado na capital paulista. O Cetic ter&aacute; v&aacute;rios subgrupos: Middleware, transporte, terminais de acesso, compress&atilde;o de &aacute;udio e v&iacute;deo, aplicativos e servi&ccedil;o. <\/p>\n<p>Mesmo antes da formaliza&ccedil;&atilde;o do programa, cartas foram enviadas para algumas universidades e centros de pesquisa convidando-os a apresentarem projetos de R$ 1 milh&atilde;o a R$ 2 milh&otilde;es para desenvolvimento de implementa&ccedil;&otilde;es do middleware Ginga; aprimoramento dos sistemas de transmiss&atilde;o e recep&ccedil;&atilde;o; melhoria da qualidade t&eacute;cnica do sinal digital; desenvolvimento de novos dispositivos de recep&ccedil;&atilde;o; e interatividade.<\/p>\n","protected":false},"excerpt":{"rendered":"<p>A Casa Civil da Presid&ecirc;ncia da Rep&uacute;blica faz os &uacute;ltimos ajustes no Decreto Presidencial que criar&aacute; o Programa de Desenvolvimento de Tecnologias Digitais para Informa&ccedil;&atilde;o e Comunica&ccedil;&atilde;o (Protic). O Decreto deve ser assinado pelo presidente Lula e publicado no Di&aacute;rio Oficial, em no m&aacute;ximo 15 dias. O bra&ccedil;o operacional do Protic ser&aacute; o Centro de &hellip; <a href=\"https:\/\/obscom.intervozes.org.br\/?p=21743\" class=\"more-link\">Continue lendo <span class=\"screen-reader-text\">Decreto Presidencial lan\u00e7ar\u00e1 programa de incentivo \u00e0s TICs<\/span> <span class=\"meta-nav\">&rarr;<\/span><\/a><\/p>\n","protected":false},"author":1,"featured_media":0,"comment_status":"open","ping_status":"open","sticky":false,"template":"","format":"standard","meta":{"footnotes":""},"categories":[40],"tags":[850],"_links":{"self":[{"href":"https:\/\/obscom.intervozes.org.br\/index.php?rest_route=\/wp\/v2\/posts\/21743"}],"collection":[{"href":"https:\/\/obscom.intervozes.org.br\/index.php?rest_route=\/wp\/v2\/posts"}],"about":[{"href":"https:\/\/obscom.intervozes.org.br\/index.php?rest_route=\/wp\/v2\/types\/post"}],"author":[{"embeddable":true,"href":"https:\/\/obscom.intervozes.org.br\/index.php?rest_route=\/wp\/v2\/users\/1"}],"replies":[{"embeddable":true,"href":"https:\/\/obscom.intervozes.org.br\/index.php?rest_route=%2Fwp%2Fv2%2Fcomments&post=21743"}],"version-history":[{"count":0,"href":"https:\/\/obscom.intervozes.org.br\/index.php?rest_route=\/wp\/v2\/posts\/21743\/revisions"}],"wp:attachment":[{"href":"https:\/\/obscom.intervozes.org.br\/index.php?rest_route=%2Fwp%2Fv2%2Fmedia&parent=21743"}],"wp:term":[{"taxonomy":"category","embeddable":true,"href":"https:\/\/obscom.intervozes.org.br\/index.php?rest_route=%2Fwp%2Fv2%2Fcategories&post=21743"},{"taxonomy":"post_tag","embeddable":true,"href":"https:\/\/obscom.intervozes.org.br\/index.php?rest_route=%2Fwp%2Fv2%2Ftags&post=21743"}],"curies":[{"name":"wp","href":"https:\/\/api.w.org\/{rel}","templated":true}]}}