{"id":21728,"date":"2008-08-29T17:28:41","date_gmt":"2008-08-29T17:28:41","guid":{"rendered":"https:\/\/obscom.intervozes.org.br\/wordpress\/?p=21728"},"modified":"2008-08-29T17:28:41","modified_gmt":"2008-08-29T17:28:41","slug":"operadoras-serao-investigadas-por-formacao-de-cartel","status":"publish","type":"post","link":"https:\/\/obscom.intervozes.org.br\/?p=21728","title":{"rendered":"Operadoras ser\u00e3o investigadas por forma\u00e7\u00e3o de cartel"},"content":{"rendered":"<p>   \t \t \t \t \t<!-- \t\t@page { margin: 2cm } \t\tP { margin-bottom: 0.21cm } \t--> \t    <\/p>\n<p style=\"margin-bottom: 0cm\" class=\"western\">O Minist&eacute;rio da Justi&ccedil;a est&aacute; investigando as empresas de telefonia celular &#8211; Claro, Oi, Tim e Vivo &#8211; por forma&ccedil;&atilde;o de cartel. A Secretaria de Direito Econ&ocirc;mico (SDE) instaurou processo administrativo, em 21 de agosto, por meio do Departamento de Prote&ccedil;&atilde;o e Defesa Econ&ocirc;mica (DPDE), com base em dados fornecidos pelas operadoras de telefonia fixa GVT (Global Village Telecom) &#8211; Intelig Telecomunica&ccedil;&otilde;es, Transit do Brasil e Easytone Telecomunica&ccedil;&otilde;es. As informa&ccedil;&otilde;es s&atilde;o do site &Uacute;ltima Inst&acirc;ncia.<\/p>\n<p>A GVT alega que o valor cobrado pela VU-M (Valor de Remunera&ccedil;&atilde;o de Uso de Rede M&oacute;vel) inibe a concorr&ecirc;ncia e constituiu uma barreira a novos entrantes, al&eacute;m de prejudicar o consumidor pelas altas tarifas cobradas na efetua&ccedil;&atilde;o de chamadas de telefone fixo para celular. <\/p>\n<p>De acordo com o DPDE, as operadoras &#8211; que possuem, em conjunto, mais de 95% dos usu&aacute;rios no Brasil &#8211; utilizariam, de forma abusiva, a liberdade de pactuar os valores das tarifas da rede m&oacute;vel. A SDE afirmou que o valor do VU-M, por ser um importante fator para determina&ccedil;&atilde;o de custos da rede m&oacute;vel, deve ser fixado isoladamente por cada operadora m&oacute;vel, mesmo porque os investimentos e custos incorridos n&atilde;o s&atilde;o iguais entre essas operadoras.<\/p>\n<p>Para a GVT, a decis&atilde;o da SDE &eacute; um marco para o setor de telecomunica&ccedil;&otilde;es, quando reconhece, ap&oacute;s detida e cuidadosa an&aacute;lise, que existem ind&iacute;cios de infra&ccedil;&atilde;o &agrave; ordem econ&ocirc;mica por parte das operadoras m&oacute;veis.<\/p>\n<p><strong>Justificativas<\/strong><\/p>\n<p>Segundo explica&ccedil;&otilde;es das operadoras m&oacute;veis ao &Uacute;ltima Inst&acirc;ncia, o alto pre&ccedil;o cobrado pelo uso de sua rede &eacute; o que permite que seja mantida a plataforma dos celulares pr&eacute;-pagos, que &eacute; um sistema de alto custo.<\/p>\n<p>Em defesa, a Claro afirmou, em nota, que &ldquo;o assunto envolve todas as operadoras m&oacute;veis contra uma &uacute;nica outra, que n&atilde;o quer pagar o que as outras pagam&rdquo;. A empresa alega que s&oacute; pratica pre&ccedil;os em conformidade com a lei e autorizados pelos &oacute;rg&atilde;os governamentais.<\/p>\n<p>A TIM disse que &ldquo;os valores atualmente praticados est&atilde;o estritamente de acordo com a regulamenta&ccedil;&atilde;o vigente&rdquo;. Com rela&ccedil;&atilde;o &agrave; instaura&ccedil;&atilde;o do processo administrativo, a empresa informa que n&atilde;o foi notificada.<\/p>\n<p>Ainda n&atilde;o h&aacute; data prevista para a conclus&atilde;o do processo.<\/p>\n","protected":false},"excerpt":{"rendered":"<p>O Minist&eacute;rio da Justi&ccedil;a est&aacute; investigando as empresas de telefonia celular &#8211; Claro, Oi, Tim e Vivo &#8211; por forma&ccedil;&atilde;o de cartel. A Secretaria de Direito Econ&ocirc;mico (SDE) instaurou processo administrativo, em 21 de agosto, por meio do Departamento de Prote&ccedil;&atilde;o e Defesa Econ&ocirc;mica (DPDE), com base em dados fornecidos pelas operadoras de telefonia fixa &hellip; <a href=\"https:\/\/obscom.intervozes.org.br\/?p=21728\" class=\"more-link\">Continue lendo <span class=\"screen-reader-text\">Operadoras ser\u00e3o investigadas por forma\u00e7\u00e3o de cartel<\/span> <span class=\"meta-nav\">&rarr;<\/span><\/a><\/p>\n","protected":false},"author":1,"featured_media":0,"comment_status":"open","ping_status":"open","sticky":false,"template":"","format":"standard","meta":{"footnotes":""},"categories":[40],"tags":[436],"_links":{"self":[{"href":"https:\/\/obscom.intervozes.org.br\/index.php?rest_route=\/wp\/v2\/posts\/21728"}],"collection":[{"href":"https:\/\/obscom.intervozes.org.br\/index.php?rest_route=\/wp\/v2\/posts"}],"about":[{"href":"https:\/\/obscom.intervozes.org.br\/index.php?rest_route=\/wp\/v2\/types\/post"}],"author":[{"embeddable":true,"href":"https:\/\/obscom.intervozes.org.br\/index.php?rest_route=\/wp\/v2\/users\/1"}],"replies":[{"embeddable":true,"href":"https:\/\/obscom.intervozes.org.br\/index.php?rest_route=%2Fwp%2Fv2%2Fcomments&post=21728"}],"version-history":[{"count":0,"href":"https:\/\/obscom.intervozes.org.br\/index.php?rest_route=\/wp\/v2\/posts\/21728\/revisions"}],"wp:attachment":[{"href":"https:\/\/obscom.intervozes.org.br\/index.php?rest_route=%2Fwp%2Fv2%2Fmedia&parent=21728"}],"wp:term":[{"taxonomy":"category","embeddable":true,"href":"https:\/\/obscom.intervozes.org.br\/index.php?rest_route=%2Fwp%2Fv2%2Fcategories&post=21728"},{"taxonomy":"post_tag","embeddable":true,"href":"https:\/\/obscom.intervozes.org.br\/index.php?rest_route=%2Fwp%2Fv2%2Ftags&post=21728"}],"curies":[{"name":"wp","href":"https:\/\/api.w.org\/{rel}","templated":true}]}}