{"id":21726,"date":"2008-08-29T16:58:15","date_gmt":"2008-08-29T16:58:15","guid":{"rendered":"https:\/\/obscom.intervozes.org.br\/wordpress\/?p=21726"},"modified":"2008-08-29T16:58:15","modified_gmt":"2008-08-29T16:58:15","slug":"telecentros-colaboram-para-a-emancipacao-das-comunidades-diz-secretario","status":"publish","type":"post","link":"https:\/\/obscom.intervozes.org.br\/?p=21726","title":{"rendered":"Telecentros colaboram para a emancipa\u00e7\u00e3o das comunidades, diz secret\u00e1rio"},"content":{"rendered":"<p>   \t \t \t \t \t<!-- \t\t@page { margin: 2cm } \t\tP { margin-bottom: 0.21cm } \t--> \t  <\/p>\n<p style=\"margin-bottom: 0cm\" class=\"western padrao\">&ldquo;O acesso &agrave; informa&ccedil;&atilde;o &eacute; desigual.&rdquo; Foi com essa breve afirma&ccedil;&atilde;o que o secret&aacute;rio de Programas e Projetos Culturais do Minist&eacute;rio da Cultura, C&eacute;lio Turino, iniciou o painel &ldquo;Redes Comunit&aacute;rias e Telecentros&rdquo;, realizado no Congresso Internacional Sociedade e Governo Eletr&ocirc;nico (Consegi), que teve in&iacute;cio na quarta-feira (27), em Bras&iacute;lia. <\/p>\n<p>Com o prop&oacute;sito de discutir o fortalecimento das redes comunit&aacute;rias e o papel dos telecentros nas pol&iacute;ticas de inclus&atilde;o digital, Turino defendeu as redes comunit&aacute;rias como espa&ccedil;os de emancipa&ccedil;&atilde;o social. &ldquo;Esses telecentros devem potencializar as habilidades da comunidade local para gerar autonomia e apoderamento social&rdquo;, explicou. Para ele, os telecentros e redes sociais representam a altera&ccedil;&atilde;o da rela&ccedil;&atilde;o do estado-sociedade, na medida em que esses s&atilde;o a&ccedil;&otilde;es da sociedade reconhecidas e potencializadas pelo estado. <\/p>\n<p>David Gonz&aacute;lez, de Cuba, contou que no seu pa&iacute;s 100 mil computadores s&atilde;o destinados a programas sociais e que o objetivo &eacute; a inclus&atilde;o digital da popula&ccedil;&atilde;o. Ele afirmou que todos os equipamentos operam em sistema operacional livre GNU\/Livre e est&atilde;o equipados com Open Office. &ldquo;O governo tem investido fortemente em treinamento de reprodutores de conhecimento, o que gera compartilhamento real entre os t&eacute;cnicos do governo&rdquo;, afirmou ele. <\/p>\n<p>Para Luiz Ant&ocirc;nio C&ocirc;rrea, da Rede de Informa&ccedil;&otilde;es para o Terceiro Setor (Rits), o desafio do telecentro n&atilde;o &eacute; simplesmente disponibilizar acesso &agrave; rede para a sociedade, mas sim focar na boa utiliza&ccedil;&atilde;o do espa&ccedil;o. &ldquo;A autonomia das redes, a produ&ccedil;&atilde;o de conte&uacute;do e o investimento na capacita&ccedil;&atilde;o permite o uso real do telecentro, na medida em que possibilita a cria&ccedil;&atilde;o de novas redes comunit&aacute;rias&rdquo;, concluiu. <\/p>\n<p>Segundo Beatriz Tibiri&ccedil;a, do Coletivo Digital, o foco dos telecentros deve ser analisado de outra forma. &ldquo;Esses s&atilde;o espa&ccedil;os comunit&aacute;rios que devem permitir &agrave; sociedade o acompanhamento das novas tecnologias e n&atilde;o apenas uma ambiente de alfabetiza&ccedil;&atilde;o digital&rdquo;, analisou. Ela ainda destacou que o telecentro &eacute; o espa&ccedil;o mais adequado para identificar e mapear a comunidade e o movimento de inclus&atilde;o deve estar &agrave; atend&ecirc;-la. &ldquo;Congregar todas as culturas e interesses &eacute; papel da inclus&atilde;o digital&rdquo;, disse. <\/p>\n<p>&ldquo;A pluralidade dos telecentros e integra&ccedil;&atilde;o de pol&iacute;ticas p&uacute;blicas s&atilde;o os conceitos que baseiam as a&ccedil;&otilde;es do Comit&ecirc; de Inclus&atilde;o Digital&rdquo;, afirmou Kiki Mori, respons&aacute;vel pelos projetos de inclus&atilde;o digital da Secretaria de Log&iacute;stica e Tecnologia da Informa&ccedil;&atilde;o do Minist&eacute;rio do Planejamento. Ela defendeu que as diversas iniciativas buscam articular os demais programas do governo.  <\/p>\n","protected":false},"excerpt":{"rendered":"<p>&ldquo;O acesso &agrave; informa&ccedil;&atilde;o &eacute; desigual.&rdquo; Foi com essa breve afirma&ccedil;&atilde;o que o secret&aacute;rio de Programas e Projetos Culturais do Minist&eacute;rio da Cultura, C&eacute;lio Turino, iniciou o painel &ldquo;Redes Comunit&aacute;rias e Telecentros&rdquo;, realizado no Congresso Internacional Sociedade e Governo Eletr&ocirc;nico (Consegi), que teve in&iacute;cio na quarta-feira (27), em Bras&iacute;lia. Com o prop&oacute;sito de discutir o &hellip; <a href=\"https:\/\/obscom.intervozes.org.br\/?p=21726\" class=\"more-link\">Continue lendo <span class=\"screen-reader-text\">Telecentros colaboram para a emancipa\u00e7\u00e3o das comunidades, diz secret\u00e1rio<\/span> <span class=\"meta-nav\">&rarr;<\/span><\/a><\/p>\n","protected":false},"author":1,"featured_media":0,"comment_status":"open","ping_status":"open","sticky":false,"template":"","format":"standard","meta":{"footnotes":""},"categories":[40],"tags":[105],"_links":{"self":[{"href":"https:\/\/obscom.intervozes.org.br\/index.php?rest_route=\/wp\/v2\/posts\/21726"}],"collection":[{"href":"https:\/\/obscom.intervozes.org.br\/index.php?rest_route=\/wp\/v2\/posts"}],"about":[{"href":"https:\/\/obscom.intervozes.org.br\/index.php?rest_route=\/wp\/v2\/types\/post"}],"author":[{"embeddable":true,"href":"https:\/\/obscom.intervozes.org.br\/index.php?rest_route=\/wp\/v2\/users\/1"}],"replies":[{"embeddable":true,"href":"https:\/\/obscom.intervozes.org.br\/index.php?rest_route=%2Fwp%2Fv2%2Fcomments&post=21726"}],"version-history":[{"count":0,"href":"https:\/\/obscom.intervozes.org.br\/index.php?rest_route=\/wp\/v2\/posts\/21726\/revisions"}],"wp:attachment":[{"href":"https:\/\/obscom.intervozes.org.br\/index.php?rest_route=%2Fwp%2Fv2%2Fmedia&parent=21726"}],"wp:term":[{"taxonomy":"category","embeddable":true,"href":"https:\/\/obscom.intervozes.org.br\/index.php?rest_route=%2Fwp%2Fv2%2Fcategories&post=21726"},{"taxonomy":"post_tag","embeddable":true,"href":"https:\/\/obscom.intervozes.org.br\/index.php?rest_route=%2Fwp%2Fv2%2Ftags&post=21726"}],"curies":[{"name":"wp","href":"https:\/\/api.w.org\/{rel}","templated":true}]}}