{"id":21725,"date":"2008-08-29T15:31:50","date_gmt":"2008-08-29T15:31:50","guid":{"rendered":"https:\/\/obscom.intervozes.org.br\/wordpress\/?p=21725"},"modified":"2008-08-29T15:31:50","modified_gmt":"2008-08-29T15:31:50","slug":"laurindo-leal-e-nomeado-ouvidor-com-a-tarefa-de-aproximar-o-publico","status":"publish","type":"post","link":"https:\/\/obscom.intervozes.org.br\/?p=21725","title":{"rendered":"Laurindo Leal \u00e9 nomeado ouvidor com a tarefa de aproximar o p\u00fablico"},"content":{"rendered":"<p>   \t \t \t \t \t<!-- \t\t@page { margin: 2cm } \t\tP { margin-bottom: 0.21cm } \t--> \t  <\/p>\n<p style=\"margin-bottom: 0cm\" class=\"western padrao\">Existente desde 2002 na Radiobr&aacute;s, mas extinta no momento de cria&ccedil;&atilde;o da Empresa Brasil de Comunica&ccedil;&atilde;o (EBC), a instala&ccedil;&atilde;o de uma Ouvidoria estava na lista de espera no processo de transi&ccedil;&atilde;o da antiga para a nova empresa estatal. Este v&aacute;cuo foi preenchido nesta quinta-feira (28) com a posse do jornalista e professor universit&aacute;rio Laurindo Leal Filho como primeiro ouvidor-geral da EBC. A posse ocorreu em ato realizado na sede da empresa, em Bras&iacute;lia. <\/p>\n<p>Lalo Leal, como &eacute; conhecido, ter&aacute; um mandato de dois anos, podendo ser reconduzido por mais dois, e contar&aacute; com tr&ecirc;s ouvidores-adjuntos, sendo um para a TV Brasil, um para o sistema de r&aacute;dios e um para a Ag&ecirc;ncia Brasil. Segundo a Lei 11.652\/2008, que criou a EBC, o ouvidor tem como atribui&ccedil;&otilde;es &ldquo;exercer a cr&iacute;tica interna da programa&ccedil;&atilde;o por ela produzida ou veiculada, com respeito &agrave; observ&acirc;ncia dos princ&iacute;pios e objetivos dos servi&ccedil;os de radiodifus&atilde;o p&uacute;blica, bem como examinar e opinar sobre as queixas e reclama&ccedil;&otilde;es de telespectadores e r&aacute;dio-ouvintes referentes &agrave; programa&ccedil;&atilde;o&rdquo;.<\/p>\n<p>Para cumprir tais responsabilidades, ele ter&aacute; espa&ccedil;o pr&oacute;prio para manifesta&ccedil;&atilde;o. Ser&atilde;o 15 minutos semanais na TV Brasil e nas emissoras de r&aacute;dio e uma se&ccedil;&atilde;o na Ag&ecirc;ncia Brasil, mantendo nesta &uacute;ltima o espa&ccedil;o criado durante a gest&atilde;o de seu antecessor na Radiobr&aacute;s, Paulo Machado, cujo mandato durou de 1o janeiro &agrave; 31 de dezembro de 2007. O ouvidor-geral tamb&eacute;m tem a obriga&ccedil;&atilde;o de produzir um relat&oacute;rio bimestral ao Conselho Curador da EBC, inst&acirc;ncia respons&aacute;vel pelo acompanhamento das decis&otilde;es e da programa&ccedil;&atilde;o relativas &agrave;s emissoras da empresa.<\/p>\n<p>Segundo Leal Filho, o maior desafio ser&aacute; constituir um canal que aproxime de fato os telespectadores, radiouvintes e leitores da ag&ecirc;ncia da EBC. &ldquo;Ela [a ouvidoria] tem de aproximar a sociedade da empresa, pois a m&iacute;dia p&uacute;blica s&oacute; se realiza quando a sociedade se considera dona dela&rdquo;, afirmou. Ele destacou que o interesse p&uacute;blico, orientador principal das op&ccedil;&otilde;es da empresa, ser&aacute; melhor identificado se o conjunto do p&uacute;blico puder expressar sua opini&atilde;o e freq&uuml;entemente indicar os caminhos a serem tomados pelo &oacute;rg&atilde;o. <\/p>\n<p><strong>Aprender com a popula&ccedil;&atilde;o<\/strong><\/p>\n<p>Para isso, o professor defendeu a import&acirc;ncia da dire&ccedil;&atilde;o e dos profissionais dos ve&iacute;culos &ldquo;aprenderem&rdquo; com a popula&ccedil;&atilde;o, tomando com aten&ccedil;&atilde;o as contribui&ccedil;&otilde;es feitas por ela. Mas alertou que seu trabalho ser&aacute; maior do que o recebimento das reclama&ccedil;&otilde;es, sugest&otilde;es e cr&iacute;ticas da popula&ccedil;&atilde;o. &ldquo;A ouvidoria deve ir al&eacute;m, dando respostas eficazes para tornar o p&uacute;blico c&uacute;mplice das emissoras&rdquo;, apontou. <\/p>\n<p>Ele diferenciou o trabalho da ouvidoria em um grupo p&uacute;blico daquele realizado em um ve&iacute;culo privado. Enquanto a segunda apenas recebe cr&iacute;ticas, a primeira, al&eacute;m disso, deve conquistar o p&uacute;blico para o projeto da comunica&ccedil;&atilde;o p&uacute;blica, freq&uuml;entemente em disputa e alvo de questionamentos por setores contr&aacute;rios ao seu fortalecimento.<\/p>\n<p>O novo ouvidor-geral citou o caso da British Broadcasting Company (BBC), que vem sobrevivendo &agrave;s intensas cr&iacute;ticas desde o in&iacute;cio do processo de implanta&ccedil;&atilde;o de pol&iacute;ticas neoliberais no Reino Unido, h&aacute; cerca de 30 anos, por conta da aceita&ccedil;&atilde;o que possu&iacute;a e, ainda hoje, mant&eacute;m junto ao conjunto da popula&ccedil;&atilde;o. E lembrou que esta refer&ecirc;ncia foi conquistada com uma atua&ccedil;&atilde;o qualificada em per&iacute;odos dif&iacute;ceis como a Segunda Guerra Mundial, quando a corpora&ccedil;&atilde;o cumpriu um papel de unifica&ccedil;&atilde;o nacional sem deixar de ter uma cobertura jornal&iacute;stica equilibrada.<\/p>\n<p><strong>Escolha acertada<\/strong><\/p>\n<p>No ato de posse, representantes de entidades sindicais e da sociedade civil saudaram a escolha do nome de Laurindo Leal Filho, destacando sua contribui&ccedil;&atilde;o hist&oacute;rica &agrave; luta por uma comunica&ccedil;&atilde;o p&uacute;blica forte e de qualidade. &ldquo;Lalo &eacute; uma figura respeitada entre jornalistas e na sociedade por sua atua&ccedil;&atilde;o profissional&rdquo;, ressaltou o presidente da Federa&ccedil;&atilde;o Nacional dos Jornalistas (Fenaj), S&eacute;rgio Murillo de Andrade. &ldquo;A escolha foi extremamente acertada&#39;, endossou o presidente do Sindicato dos Jornalistas do Distrito Federal, Rom&aacute;rio Schettino.<\/p>\n<p>Para o representante do F&oacute;rum Nacional pela Democratiza&ccedil;&atilde;o da Comunica&ccedil;&atilde;o (FNDC), Jos&eacute; Carlos Torves, a sociedade ter&aacute; um &ldquo;grande ganho&rdquo; com a presen&ccedil;a de Leal Filho na ouvidoria, pela sua compreens&atilde;o acerca da import&acirc;ncia da participa&ccedil;&atilde;o nos ve&iacute;culos p&uacute;blicos de comunica&ccedil;&atilde;o. A lista de elogios foi completada pela presidente da EBC, Tereza Cruvinel. &ldquo;Todos tivemos no Lalo uma refer&ecirc;ncia na nossa forma&ccedil;&atilde;o sobre comunica&ccedil;&atilde;o p&uacute;blica.&rdquo;<\/p>\n<p><strong>Longa trajet&oacute;ria<\/strong><\/p>\n<p>Laurindo Leal Filho tem longa hist&oacute;ria no campo da comunica&ccedil;&atilde;o p&uacute;blica. Trabalhou durante d&eacute;cadas na TV Cultura de S&atilde;o Paulo e j&aacute; escreveu tr&ecirc;s livros sobre o tema: &ldquo;Atr&aacute;s das C&acirc;meras &#8211; Rela&ccedil;&otilde;es sobre Cultura, Estado e Televis&atilde;o&rdquo;, &ldquo;A Melhor TV do Mundo &ndash; o Modelo Brit&acirc;nico de Televis&atilde;o&rdquo; e &ldquo;Mem&oacute;rias Brasileiras da BBC&rdquo;.<\/p>\n<p>Como professor da Universidade de S&atilde;o Paulo (USP), participou do F&oacute;rum de TVs P&uacute;blicas e esteve presente no grupo executivo que elaborou o desenho institucional da EBC. Mantinha na TV Brasil e na TV C&acirc;mara o programa VerTV, &uacute;nico da televis&atilde;o brasileira voltado ao debate sobre pautas relacionadas a este meio de comunica&ccedil;&atilde;o, do qual n&atilde;o ser&aacute; mais apresentador.<\/p>\n<p><strong>Contatos<\/strong> <\/p>\n<p>A Ouvidoria da EBC contar&aacute; com um telefone 0800, cujo n&uacute;mero ainda n&atilde;o foi divulgado. Por enquanto, os espectadores e usu&aacute;rios dos ve&iacute;culos da empresa podem fazer cr&iacute;ticas e sugest&otilde;es pelo <a href=\"http:\/\/www.tvbrasil.org.br\/faleconosco\/FormWeb.asp\" target=\"_blank\">site<\/a> ou pelo correio (SCRN 702\/3 Bloco B \/ Edif&iacute;cio Radiobr&aacute;s &#8211; Bras&iacute;lia \/ DF, CEP: 70323-900 ou Rua da Rela&ccedil;&atilde;o n&ordm; 18 &#8211; Lapa &#8211; Rio de Janeiro \/ RJ &#8211; CEP 20231-110).<\/p>\n","protected":false},"excerpt":{"rendered":"<p>Ouvidor-geral ter\u00e1 mandato de 2 anos e contar\u00e1 com adjuntos para a TV Brasil, o sistema de r\u00e1dios e a Ag\u00eancia Brasil; nomea\u00e7\u00e3o foi saudada por sindicalistas e entidades da sociedade civil<\/p>\n","protected":false},"author":1,"featured_media":0,"comment_status":"open","ping_status":"open","sticky":false,"template":"","format":"standard","meta":{"footnotes":""},"categories":[40],"tags":[754],"_links":{"self":[{"href":"https:\/\/obscom.intervozes.org.br\/index.php?rest_route=\/wp\/v2\/posts\/21725"}],"collection":[{"href":"https:\/\/obscom.intervozes.org.br\/index.php?rest_route=\/wp\/v2\/posts"}],"about":[{"href":"https:\/\/obscom.intervozes.org.br\/index.php?rest_route=\/wp\/v2\/types\/post"}],"author":[{"embeddable":true,"href":"https:\/\/obscom.intervozes.org.br\/index.php?rest_route=\/wp\/v2\/users\/1"}],"replies":[{"embeddable":true,"href":"https:\/\/obscom.intervozes.org.br\/index.php?rest_route=%2Fwp%2Fv2%2Fcomments&post=21725"}],"version-history":[{"count":0,"href":"https:\/\/obscom.intervozes.org.br\/index.php?rest_route=\/wp\/v2\/posts\/21725\/revisions"}],"wp:attachment":[{"href":"https:\/\/obscom.intervozes.org.br\/index.php?rest_route=%2Fwp%2Fv2%2Fmedia&parent=21725"}],"wp:term":[{"taxonomy":"category","embeddable":true,"href":"https:\/\/obscom.intervozes.org.br\/index.php?rest_route=%2Fwp%2Fv2%2Fcategories&post=21725"},{"taxonomy":"post_tag","embeddable":true,"href":"https:\/\/obscom.intervozes.org.br\/index.php?rest_route=%2Fwp%2Fv2%2Ftags&post=21725"}],"curies":[{"name":"wp","href":"https:\/\/api.w.org\/{rel}","templated":true}]}}