{"id":21723,"date":"2008-08-28T18:41:45","date_gmt":"2008-08-28T18:41:45","guid":{"rendered":"https:\/\/obscom.intervozes.org.br\/wordpress\/?p=21723"},"modified":"2008-08-28T18:41:45","modified_gmt":"2008-08-28T18:41:45","slug":"abert-busca-consolidacao-da-tv-digital-e-liberdade-de-expressao-comercial","status":"publish","type":"post","link":"https:\/\/obscom.intervozes.org.br\/?p=21723","title":{"rendered":"Abert busca consolida\u00e7\u00e3o da TV digital e liberdade de express\u00e3o comercial"},"content":{"rendered":"<p>   \t \t \t \t \t<!-- \t\t@page { margin: 2cm } \t\tP { margin-bottom: 0.21cm } \t--> \t    <\/p>\n<p style=\"margin-bottom: 0cm\" class=\"western padrao\">Os tr&ecirc;s principais desafios da nova gest&atilde;o da Associa&ccedil;&atilde;o Brasileira de R&aacute;dio e Televis&atilde;o (Abert) ser&atilde;o a consolida&ccedil;&atilde;o da TV digital, a implanta&ccedil;&atilde;o do r&aacute;dio digital e ainda a defesa da liberdade de express&atilde;o. Os pontos foram informados a este notici&aacute;rio por Daniel Pimentel Slaviero, que foi reeleito presidente da associa&ccedil;&atilde;o de radiodifusores nesta ter&ccedil;a-feira (26\/8), para o bi&ecirc;nio 2008-2010. Emanuel Soares Carneiro foi eleito vice-presidente pelo Conselho.<\/p>\n<p>Ele diz que, em rela&ccedil;&atilde;o &agrave; defesa da liberdade de express&atilde;o, o principal desafios s&atilde;o as propostas de restringir a publicidade de alguns produtos, como os infantis, bebidas alco&oacute;licas, medicamentos e alimentos. &ldquo;Nosso plano &eacute; a valoriza&ccedil;&atilde;o do Conar, pois acreditamos na auto-regulamenta&ccedil;&atilde;o para diminuir a publicidade impr&oacute;pria&rdquo;, afirmou.<\/p>\n<p>Em rela&ccedil;&atilde;o &agrave; TV digital, ele disse que o desafio &eacute; consolidar o processo de implanta&ccedil;&atilde;o, com a chegada do sinal digital a seis novas capitais, al&eacute;m das quatro atuais, at&eacute; o final do ano. Para 2009, o cronograma prev&ecirc; que todas as capitais e principais cidades brasileiras j&aacute; estejam operando com sinal digital.<\/p>\n<p>&ldquo;Al&eacute;m desse avan&ccedil;o na disponibilidade do sinal, procuramos aumentar a produ&ccedil;&atilde;o em HD, e temos planos de buscar a continuidade da desonera&ccedil;&atilde;o de impostos, que dura at&eacute; o final de 2008, por pelo menos mais um ano&rdquo;, concluiu. Slaviero participou do painel de abertura do congresso da SET, que acontece entre os dias 27 e 29 de agosto, em S&atilde;o Paulo.<\/p>\n","protected":false},"excerpt":{"rendered":"<p>Os tr&ecirc;s principais desafios da nova gest&atilde;o da Associa&ccedil;&atilde;o Brasileira de R&aacute;dio e Televis&atilde;o (Abert) ser&atilde;o a consolida&ccedil;&atilde;o da TV digital, a implanta&ccedil;&atilde;o do r&aacute;dio digital e ainda a defesa da liberdade de express&atilde;o. Os pontos foram informados a este notici&aacute;rio por Daniel Pimentel Slaviero, que foi reeleito presidente da associa&ccedil;&atilde;o de radiodifusores nesta ter&ccedil;a-feira &hellip; <a href=\"https:\/\/obscom.intervozes.org.br\/?p=21723\" class=\"more-link\">Continue lendo <span class=\"screen-reader-text\">Abert busca consolida\u00e7\u00e3o da TV digital e liberdade de express\u00e3o comercial<\/span> <span class=\"meta-nav\">&rarr;<\/span><\/a><\/p>\n","protected":false},"author":1,"featured_media":0,"comment_status":"open","ping_status":"open","sticky":false,"template":"","format":"standard","meta":{"footnotes":""},"categories":[40],"tags":[846],"_links":{"self":[{"href":"https:\/\/obscom.intervozes.org.br\/index.php?rest_route=\/wp\/v2\/posts\/21723"}],"collection":[{"href":"https:\/\/obscom.intervozes.org.br\/index.php?rest_route=\/wp\/v2\/posts"}],"about":[{"href":"https:\/\/obscom.intervozes.org.br\/index.php?rest_route=\/wp\/v2\/types\/post"}],"author":[{"embeddable":true,"href":"https:\/\/obscom.intervozes.org.br\/index.php?rest_route=\/wp\/v2\/users\/1"}],"replies":[{"embeddable":true,"href":"https:\/\/obscom.intervozes.org.br\/index.php?rest_route=%2Fwp%2Fv2%2Fcomments&post=21723"}],"version-history":[{"count":0,"href":"https:\/\/obscom.intervozes.org.br\/index.php?rest_route=\/wp\/v2\/posts\/21723\/revisions"}],"wp:attachment":[{"href":"https:\/\/obscom.intervozes.org.br\/index.php?rest_route=%2Fwp%2Fv2%2Fmedia&parent=21723"}],"wp:term":[{"taxonomy":"category","embeddable":true,"href":"https:\/\/obscom.intervozes.org.br\/index.php?rest_route=%2Fwp%2Fv2%2Fcategories&post=21723"},{"taxonomy":"post_tag","embeddable":true,"href":"https:\/\/obscom.intervozes.org.br\/index.php?rest_route=%2Fwp%2Fv2%2Ftags&post=21723"}],"curies":[{"name":"wp","href":"https:\/\/api.w.org\/{rel}","templated":true}]}}