{"id":21721,"date":"2008-08-28T17:57:16","date_gmt":"2008-08-28T17:57:16","guid":{"rendered":"https:\/\/obscom.intervozes.org.br\/wordpress\/?p=21721"},"modified":"2008-08-28T17:57:16","modified_gmt":"2008-08-28T17:57:16","slug":"helio-costa-diz-que-emilia-ribeiro-facilitara-aprovacao-da-compra-da-brt-pela-oi","status":"publish","type":"post","link":"https:\/\/obscom.intervozes.org.br\/?p=21721","title":{"rendered":"H\u00e9lio Costa diz que Em\u00edlia Ribeiro facilitar\u00e1 aprova\u00e7\u00e3o da compra da BrT pela Oi"},"content":{"rendered":"<p class=\"padrao\">O&nbsp;ministro das Comunica&ccedil;&otilde;es, H&eacute;lio Costa, acredita que a nomea&ccedil;&atilde;o da advogada Em&iacute;lia Ribeiro para o conselho da Ag&ecirc;ncia Nacional de Telecomunica&ccedil;&otilde;es (Anatel) facilitar&aacute; a aprova&ccedil;&atilde;o do novo Plano Geral de Outorgas (PGO) e, por conseq&uuml;&ecirc;ncia, tamb&eacute;m a aprova&ccedil;&atilde;o da compra da Brasil Telecom pela Oi. Em entrevista coletiva depois de participar da reuni&atilde;o do Conselho de Desenvolvimento Econ&ocirc;mico e Social (CDES), no Pal&aacute;cio do Planalto, o ministro voltou a criticar a separa&ccedil;&atilde;o entre banda larga e telefonia fixa, como prop&ocirc;s a Anatel na consulta p&uacute;blica.<\/p>\n<p>&quot;A separa&ccedil;&atilde;o coloca a nova empresa em dificuldade. Ela ficar&aacute; travada e impossibilitada de competir no pa&iacute;s e no exterior&quot;, disse Costa. O ministro reafirmou ainda que a decis&atilde;o final sobre o PGO &eacute; do governo, especialmente do Minist&eacute;rio das Comunica&ccedil;&otilde;es, respons&aacute;vel pelas pol&iacute;ticas de telecomunica&ccedil;&otilde;es do governo. Segundo ele, a expectativa &eacute; de que o presidente Luiz In&aacute;cio Lula da Silva nomeie Em&iacute;lia Ribeiro para a Anatel na pr&oacute;xima semana. Costa disse que o PGO s&oacute; ir&aacute; &agrave; an&aacute;lise do conselho diretor quando a Anatel puder contar com os cinco diretores.<\/p>\n<p>&quot;O principal fator que atrasava todo o procedimento era a indica&ccedil;&atilde;o do quinto conselheiro&quot;, disse Costa, alegando, contudo, que cada um dos diretores da Anatel tem postura independente. Segundo o ministro, n&atilde;o era poss&iacute;vel decidir assuntos importantes, como a fus&atilde;o de duas grandes empresas, sem contar com o conselho completo. Costa disse que a inten&ccedil;&atilde;o &eacute; resolver a quest&atilde;o at&eacute; o final do ano, dentro do prazo limite estabelecido pelas empresas para concluir o neg&oacute;cio. Mas desde que o procedimento esteja dentro da lei. &quot;O objetivo n&atilde;o &eacute; atrasar ou dificultar&quot;, afirmou. <\/p>\n<p>                        <!-- pagina\u00e7\u00e3o -->                           <\/p>\n","protected":false},"excerpt":{"rendered":"<p>O&nbsp;ministro das Comunica&ccedil;&otilde;es, H&eacute;lio Costa, acredita que a nomea&ccedil;&atilde;o da advogada Em&iacute;lia Ribeiro para o conselho da Ag&ecirc;ncia Nacional de Telecomunica&ccedil;&otilde;es (Anatel) facilitar&aacute; a aprova&ccedil;&atilde;o do novo Plano Geral de Outorgas (PGO) e, por conseq&uuml;&ecirc;ncia, tamb&eacute;m a aprova&ccedil;&atilde;o da compra da Brasil Telecom pela Oi. Em entrevista coletiva depois de participar da reuni&atilde;o do Conselho &hellip; <a href=\"https:\/\/obscom.intervozes.org.br\/?p=21721\" class=\"more-link\">Continue lendo <span class=\"screen-reader-text\">H\u00e9lio Costa diz que Em\u00edlia Ribeiro facilitar\u00e1 aprova\u00e7\u00e3o da compra da BrT pela Oi<\/span> <span class=\"meta-nav\">&rarr;<\/span><\/a><\/p>\n","protected":false},"author":1,"featured_media":0,"comment_status":"open","ping_status":"open","sticky":false,"template":"","format":"standard","meta":{"footnotes":""},"categories":[40],"tags":[152],"_links":{"self":[{"href":"https:\/\/obscom.intervozes.org.br\/index.php?rest_route=\/wp\/v2\/posts\/21721"}],"collection":[{"href":"https:\/\/obscom.intervozes.org.br\/index.php?rest_route=\/wp\/v2\/posts"}],"about":[{"href":"https:\/\/obscom.intervozes.org.br\/index.php?rest_route=\/wp\/v2\/types\/post"}],"author":[{"embeddable":true,"href":"https:\/\/obscom.intervozes.org.br\/index.php?rest_route=\/wp\/v2\/users\/1"}],"replies":[{"embeddable":true,"href":"https:\/\/obscom.intervozes.org.br\/index.php?rest_route=%2Fwp%2Fv2%2Fcomments&post=21721"}],"version-history":[{"count":0,"href":"https:\/\/obscom.intervozes.org.br\/index.php?rest_route=\/wp\/v2\/posts\/21721\/revisions"}],"wp:attachment":[{"href":"https:\/\/obscom.intervozes.org.br\/index.php?rest_route=%2Fwp%2Fv2%2Fmedia&parent=21721"}],"wp:term":[{"taxonomy":"category","embeddable":true,"href":"https:\/\/obscom.intervozes.org.br\/index.php?rest_route=%2Fwp%2Fv2%2Fcategories&post=21721"},{"taxonomy":"post_tag","embeddable":true,"href":"https:\/\/obscom.intervozes.org.br\/index.php?rest_route=%2Fwp%2Fv2%2Ftags&post=21721"}],"curies":[{"name":"wp","href":"https:\/\/api.w.org\/{rel}","templated":true}]}}