{"id":21720,"date":"2008-08-28T17:54:39","date_gmt":"2008-08-28T17:54:39","guid":{"rendered":"https:\/\/obscom.intervozes.org.br\/wordpress\/?p=21720"},"modified":"2008-08-28T17:54:39","modified_gmt":"2008-08-28T17:54:39","slug":"anatel-aprova-ato-de-concentracao-entre-a-telefonica-e-a-tim-no-brasil","status":"publish","type":"post","link":"https:\/\/obscom.intervozes.org.br\/?p=21720","title":{"rendered":"Anatel aprova ato de concentra\u00e7\u00e3o entre a Telef\u00f4nica e a TIM no Brasil"},"content":{"rendered":"<p>   \t \t \t \t \t<!-- \t\t@page { margin: 2cm } \t\tP { margin-bottom: 0.21cm } \t--> \t    <\/p>\n<p class=\"western\"><span class=\"padrao\">O Conselho Diretor da Ag&ecirc;ncia Nacional de Telecomunica&ccedil;&otilde;es (Anatel) aprovou, na &uacute;ltima quarta-feira (27\/8), o ato de concentra&ccedil;&atilde;o entre a Telef&ocirc;nica e a TIM, depois das operadoras controladas pelas duas companhias (Vivo e TIM) terem se comprometido a manter as opera&ccedil;&otilde;es locais independentes.<\/p>\n<p>Agora, segundo reportagem da ag&ecirc;ncia <em>Reuters<\/em>, o ato ser&aacute; encaminhado ao Conselho Administrativo de Defesa Econ&ocirc;mica (Cade), respons&aacute;vel por avaliar a transa&ccedil;&atilde;o de compra do controle da Telecom Italia em seu pa&iacute;s de origem por um cons&oacute;rcio que tem a espanhola Telef&ocirc;nica como uma das s&oacute;cias. Em outubro do ano passado, o conselho da ag&ecirc;ncia aprovou, sob condi&ccedil;&otilde;es, a transfer&ecirc;ncia de controle indireto da Telecom Italia para Telef&ocirc;nica, Assicurazioni Generali, Sintonia, Intesa Sanpaolo e Mediobanca &#8211; Banca di Credito Finanziario, s&oacute;cias no cons&oacute;rcio Telco.<\/p>\n<p>Com a transfer&ecirc;ncia de 8,33% do controle acion&aacute;rio da Telecom Italia para a Telef&ocirc;nica, a TIM e a Vivo, caso fossem atuar em conjunto, atenderiam, aproximadamente, 53% da base de assinantes da telefonia celular no Brasil, segundo estimativa da Anatel.<\/p>\n<p>Na &eacute;poca, foi imposto um conjunto de 28 restri&ccedil;&otilde;es pela pr&oacute;pria ag&ecirc;ncia e as duas operadoras de celular concordaram com todas elas por meio da celebra&ccedil;&atilde;o de um novo acordo de acionistas. Entre os termos, estava a proibi&ccedil;&atilde;o de que a Telef&ocirc;nica indique representantes para a diretoria ou para o conselho de administra&ccedil;&atilde;o da TIM Brasil ou que Vivo e TIM atuem de forma conjunta na contrata&ccedil;&atilde;o de bens e servi&ccedil;os no pa&iacute;s.<\/span><\/p>\n","protected":false},"excerpt":{"rendered":"<p>O Conselho Diretor da Ag&ecirc;ncia Nacional de Telecomunica&ccedil;&otilde;es (Anatel) aprovou, na &uacute;ltima quarta-feira (27\/8), o ato de concentra&ccedil;&atilde;o entre a Telef&ocirc;nica e a TIM, depois das operadoras controladas pelas duas companhias (Vivo e TIM) terem se comprometido a manter as opera&ccedil;&otilde;es locais independentes. Agora, segundo reportagem da ag&ecirc;ncia Reuters, o ato ser&aacute; encaminhado ao Conselho &hellip; <a href=\"https:\/\/obscom.intervozes.org.br\/?p=21720\" class=\"more-link\">Continue lendo <span class=\"screen-reader-text\">Anatel aprova ato de concentra\u00e7\u00e3o entre a Telef\u00f4nica e a TIM no Brasil<\/span> <span class=\"meta-nav\">&rarr;<\/span><\/a><\/p>\n","protected":false},"author":1,"featured_media":0,"comment_status":"open","ping_status":"open","sticky":false,"template":"","format":"standard","meta":{"footnotes":""},"categories":[40],"tags":[645],"_links":{"self":[{"href":"https:\/\/obscom.intervozes.org.br\/index.php?rest_route=\/wp\/v2\/posts\/21720"}],"collection":[{"href":"https:\/\/obscom.intervozes.org.br\/index.php?rest_route=\/wp\/v2\/posts"}],"about":[{"href":"https:\/\/obscom.intervozes.org.br\/index.php?rest_route=\/wp\/v2\/types\/post"}],"author":[{"embeddable":true,"href":"https:\/\/obscom.intervozes.org.br\/index.php?rest_route=\/wp\/v2\/users\/1"}],"replies":[{"embeddable":true,"href":"https:\/\/obscom.intervozes.org.br\/index.php?rest_route=%2Fwp%2Fv2%2Fcomments&post=21720"}],"version-history":[{"count":0,"href":"https:\/\/obscom.intervozes.org.br\/index.php?rest_route=\/wp\/v2\/posts\/21720\/revisions"}],"wp:attachment":[{"href":"https:\/\/obscom.intervozes.org.br\/index.php?rest_route=%2Fwp%2Fv2%2Fmedia&parent=21720"}],"wp:term":[{"taxonomy":"category","embeddable":true,"href":"https:\/\/obscom.intervozes.org.br\/index.php?rest_route=%2Fwp%2Fv2%2Fcategories&post=21720"},{"taxonomy":"post_tag","embeddable":true,"href":"https:\/\/obscom.intervozes.org.br\/index.php?rest_route=%2Fwp%2Fv2%2Ftags&post=21720"}],"curies":[{"name":"wp","href":"https:\/\/api.w.org\/{rel}","templated":true}]}}