{"id":21714,"date":"2008-08-28T15:19:22","date_gmt":"2008-08-28T15:19:22","guid":{"rendered":"https:\/\/obscom.intervozes.org.br\/wordpress\/?p=21714"},"modified":"2008-08-28T15:19:22","modified_gmt":"2008-08-28T15:19:22","slug":"pl-dos-cibercrimes-vai-na-contramao-das-politicas-publicas","status":"publish","type":"post","link":"https:\/\/obscom.intervozes.org.br\/?p=21714","title":{"rendered":"PL dos cibercrimes vai na contram\u00e3o das pol\u00edticas p\u00fablicas"},"content":{"rendered":"<p>   \t \t \t \t \t<!-- \t\t@page { margin: 2cm } \t\tP { margin-bottom: 0.21cm } \t--><span class=\"padrao\">O Projeto de Lei 89\/2003, aprovado no Senado e passando por nova discuss&atilde;o na C&acirc;mara dos Deputados, amplia o controle sobre o uso da Internet sob o pretexto de combater delitos cometidos na rede. Ele prev&ecirc; a criminaliza&ccedil;&atilde;o de pr&aacute;ticas como a troca de dados sem autoriza&ccedil;&atilde;o dos &ldquo;leg&iacute;timos titulares de rede&rdquo;, a viola&ccedil;&atilde;o de redes e dispositivos e a difus&atilde;o de &ldquo;c&oacute;digos maliciosos&rdquo;, al&eacute;m de obrigar os provedores de acesso a armazenarem as informa&ccedil;&otilde;es sobre os dados de endere&ccedil;amento eletr&ocirc;nico e as conex&otilde;es realizadas nos tr&ecirc;s anos anteriores.<\/p>\n<p>Para o estudioso de tecnologias da informa&ccedil;&atilde;o e da comunica&ccedil;&atilde;o Marcelo Branco, a proposta vai na contram&atilde;o das pol&iacute;ticas p&uacute;blicas existentes hoje no Brasil sobre o assunto. Segundo o pesquisador, o Brasil tem se destacado nacional e internacionalmente por defender pol&iacute;ticas mais flex&iacute;veis na &aacute;rea da propriedade intelectual. A afirma&ccedil;&atilde;o foi feita em debate organizado no Congresso Nacional Sociedade e Governo Eletr&ocirc;nico (Consegi), que acontece em Bras&iacute;lia at&eacute; o dia 29\/8.<\/p>\n<p>O governo federal, acrescentou Branco, est&aacute; promovendo iniciativas nacionais e assumindo posi&ccedil;&otilde;es em f&oacute;runs internacionais que privilegiam o fomento &agrave; cria&ccedil;&atilde;o e a amplia&ccedil;&atilde;o da livre circula&ccedil;&atilde;o de conhecimento, em detrimento de a&ccedil;&otilde;es que criminalizam novas formas de troca de conte&uacute;dos possibilitadas pelas tecnologias digitais.<\/p>\n<p>&quot;O Brasil, por meio do Itamaraty, lidera a agenda do desenvolvimento na Organiza&ccedil;&atilde;o Mundial de Propriedade Intelectual [OMPI], defendendo que a entidade deveria estimular a inova&ccedil;&atilde;o e a competitividade. Hoje, a OMPI n&atilde;o faz isso, pelo contr&aacute;rio. Ela bloqueia a inova&ccedil;&atilde;o e n&atilde;o estimula a competitividade&rdquo;, lembrou. Na C&uacute;pula Mundial da Sociedade da Informa&ccedil;&atilde;o (CMSI), realizada em duas etapas na Su&iacute;&ccedil;a e na Tun&iacute;sia em 2003 e 2005, o Brasil tamb&eacute;m atuou contra o endurecimento das normas de prote&ccedil;&atilde;o &agrave; propriedade intelectual.<\/p>\n<p>No plano nacional, o estudioso ressaltou a iniciativa do Minist&eacute;rio da Cultura de promover a inclus&atilde;o digital por meio do est&iacute;mulo de novas pr&aacute;ticas a partir de tecnologias digitais, cujo exemplo emblem&aacute;tico &eacute; o programa Pontos de Cultura. Outra a&ccedil;&atilde;o do &oacute;rg&atilde;o neste sentido &eacute; o questionamento sobre a atual regulamenta&ccedil;&atilde;o do direito autoral no pa&iacute;s, com a organiza&ccedil;&atilde;o de semin&aacute;rios nacionais para discutir uma reforma do marco legal.<strong><\/p>\n<p>Sem igual no resto do mundo<\/p>\n<p><\/strong>Segundo Marcelo Branco, o PL-89 tamb&eacute;m se mostra desconectado das op&ccedil;&otilde;es de regula&ccedil;&atilde;o da Internet em outros pa&iacute;ses. Enquanto na Europa os tipos de viola&ccedil;&atilde;o citados no projeto s&atilde;o tratados na esfera civil, no texto da proposta eles s&atilde;o levados &agrave; legisla&ccedil;&atilde;o penal. Na Espanha, conta Branco, h&aacute; um marco a partir dos direitos civis que protege os dados enviados e recebidos pelos cidad&atilde;o na Internet e impede, por exemplo, a disponibiliza&ccedil;&atilde;o por parte dos provedores de informa&ccedil;&otilde;es sobre as atividades realizadas em suas redes. <\/p>\n<p>&ldquo;At&eacute; na Fran&ccedil;a o provedor tem que avisar tr&ecirc;s vezes para o cidad&atilde;o que est&aacute; cometendo uma ilegalidade. E se houver reincid&ecirc;ncia a pessoa &eacute; enquadrada na figura de delito civil&rdquo;, disse. O governo franc&ecirc;s &eacute; reconhecido por atitudes contr&aacute;rias &agrave; liberdade na rede, tendo editado recentemente nova legisla&ccedil;&atilde;o coibindo a troca de arquivos peer to peer. <\/p>\n<p>&ldquo;No Brasil, se o projeto for aprovado, n&oacute;s sairemos penalizando este tipo de pr&aacute;tica com tr&ecirc;s anos de cadeia&rdquo;, criticou.<strong><\/p>\n<p>Cr&iacute;ticas<\/strong> <\/p>\n<p>Jo&atilde;o Cassino, que participou do debate representando a empresa Cobra Tecnologia, listou o que considera os principais problemas do projeto. O primeiro seria a destrui&ccedil;&atilde;o das redes abertas de acesso &agrave; Internet. A proibi&ccedil;&atilde;o do acesso a uma rede sem autoriza&ccedil;&atilde;o constante em um dos artigos, aliada &agrave; exig&ecirc;ncia de registro pelos provedores dos dados referentes &agrave;s conex&otilde;es realizadas impediriam, na pr&aacute;tica, que uma pessoa pudesse entrar em uma rede sem fio com seu computador. <\/p>\n<p>Al&eacute;m disso, o registro das informa&ccedil;&otilde;es de acesso para subsidiar investiga&ccedil;&otilde;es sobre ind&iacute;cios de delitos levaria a uma exig&ecirc;ncia de identifica&ccedil;&atilde;o do autor dos acessos, violando a privacidade da popula&ccedil;&atilde;o no uso da Internet.<\/p>\n<p>Outro ponto contestado por Cassino foi a exig&ecirc;ncia de autoriza&ccedil;&atilde;o do &ldquo;leg&iacute;timo titular de rede&rdquo; para transferir um arquivo de uma pessoa para outra. &ldquo;Quem &eacute; este leg&iacute;timo titular de rede? Se eu for repassar um e-mail que recebi a outra pessoa terei de pedir autoriza&ccedil;&atilde;o ao Gmail?&rdquo;, questionou. <\/p>\n<p>Estas incertezas, continuou, s&atilde;o prejudiciais aos pequenos provedores e pontos de acesso comunit&aacute;rios. Em um embate judicial contra grandes operadoras ou empresas de conte&uacute;do, a probabilidade maior &eacute; de decis&otilde;es em favor das segundas. <strong><\/p>\n<p>Propagar a cr&iacute;tica<\/strong><\/p>\n<p>Para Everton Rodrigues, do programa governamental Casa Brasil, uma das raz&otilde;es do avan&ccedil;o do projeto a passos largos &eacute; o fato dos ativistas envolvidos com a&ccedil;&otilde;es de inclus&atilde;o digital e com tecnologias digitais livres n&atilde;o estarem cientes de seus riscos. Ele defendeu a amplia&ccedil;&atilde;o dos debates e cr&iacute;ticas p&uacute;blicas &agrave; proposta como forma de colocar a discuss&atilde;o para al&eacute;m dos que hoje est&atilde;o envolvidos nela. <\/p>\n<p>Ao final do debate, lembrou que a mobiliza&ccedil;&atilde;o deve ser muito &aacute;gil, j&aacute; que o PL ir&aacute; tramitar na C&acirc;mara com rapidez a partir da volta do recesso parlamentar. O apelo j&aacute; havia sido feito aos participantes do Consegi por cr&iacute;ticos ao projeto de lei, que abriram faixas contra a proposta na abertura do evento, realizada no dia 27\/8. Mas, durante o debate, soou o alerta de que ser&aacute; necess&aacute;rio muito mais do que isso para barrar o projeto ou seus artigos mais problem&aacute;ticos na C&acirc;mara.<\/span> <\/p>\n","protected":false},"excerpt":{"rendered":"<p>Enquanto a\u00e7\u00f5es do governo federal contestam a amplia\u00e7\u00e3o da prote\u00e7\u00e3o \u00e0 propriedade intelectual, projeto de lei criminaliza pr\u00e1ticas de troca de conhecimento e promove maior controle sobre a rede<\/p>\n","protected":false},"author":1,"featured_media":0,"comment_status":"open","ping_status":"open","sticky":false,"template":"","format":"standard","meta":{"footnotes":""},"categories":[40],"tags":[150],"_links":{"self":[{"href":"https:\/\/obscom.intervozes.org.br\/index.php?rest_route=\/wp\/v2\/posts\/21714"}],"collection":[{"href":"https:\/\/obscom.intervozes.org.br\/index.php?rest_route=\/wp\/v2\/posts"}],"about":[{"href":"https:\/\/obscom.intervozes.org.br\/index.php?rest_route=\/wp\/v2\/types\/post"}],"author":[{"embeddable":true,"href":"https:\/\/obscom.intervozes.org.br\/index.php?rest_route=\/wp\/v2\/users\/1"}],"replies":[{"embeddable":true,"href":"https:\/\/obscom.intervozes.org.br\/index.php?rest_route=%2Fwp%2Fv2%2Fcomments&post=21714"}],"version-history":[{"count":0,"href":"https:\/\/obscom.intervozes.org.br\/index.php?rest_route=\/wp\/v2\/posts\/21714\/revisions"}],"wp:attachment":[{"href":"https:\/\/obscom.intervozes.org.br\/index.php?rest_route=%2Fwp%2Fv2%2Fmedia&parent=21714"}],"wp:term":[{"taxonomy":"category","embeddable":true,"href":"https:\/\/obscom.intervozes.org.br\/index.php?rest_route=%2Fwp%2Fv2%2Fcategories&post=21714"},{"taxonomy":"post_tag","embeddable":true,"href":"https:\/\/obscom.intervozes.org.br\/index.php?rest_route=%2Fwp%2Fv2%2Ftags&post=21714"}],"curies":[{"name":"wp","href":"https:\/\/api.w.org\/{rel}","templated":true}]}}