{"id":21710,"date":"2008-08-27T17:51:09","date_gmt":"2008-08-27T17:51:09","guid":{"rendered":"https:\/\/obscom.intervozes.org.br\/wordpress\/?p=21710"},"modified":"2008-08-27T17:51:09","modified_gmt":"2008-08-27T17:51:09","slug":"fenaj-segue-em-defesa-do-diploma-mas-ja-discute-alternativas","status":"publish","type":"post","link":"https:\/\/obscom.intervozes.org.br\/?p=21710","title":{"rendered":"Fenaj segue em defesa do diploma, mas j\u00e1 discute alternativas"},"content":{"rendered":"<p><span class=\"padrao\">A&nbsp; principal discuss&atilde;o do 33o Congresso Nacional dos Jornalistas, realizado em S&atilde;o Paulo entre 20 e 24 deste m&ecirc;s, foi a estrat&eacute;gia para garantir a exig&ecirc;ncia da forma&ccedil;&atilde;o superior para o exerc&iacute;cio do jornalismo. No entanto, na imin&ecirc;ncia de uma decis&atilde;o contr&aacute;ria &agrave; exig&ecirc;ncia do diploma pelo Supremo Tribunal Federal (STF), a Federa&ccedil;&atilde;o Nacional dos Jornalista (Fenaj) j&aacute; prepara um &ldquo;plano B&rdquo;. A t&aacute;tica apontada pelos dirigentes sindicais foi apostar no Grupo de Trabalho criado pelo Minist&eacute;rio do Trabalho e Emprego para discutir um projeto de regulamenta&ccedil;&atilde;o profissional para a atividade.<\/p>\n<p>A Fenaj espera que o grupo consiga produzir um consenso que viabilize o envio de um projeto de lei ao Congresso em at&eacute; 90 dias. A esperan&ccedil;a da federa&ccedil;&atilde;o &eacute; que se a obrigatoriedade for garantida em uma lei o Supremo n&atilde;o tenha raz&atilde;o para votar a constitucionalidade do Decreto-Lei 972. Para isso, &eacute; necess&aacute;rio que os ministros aceitem postergar o julgamento at&eacute; a aprova&ccedil;&atilde;o da nova lei. Segundo Jos&eacute; Carlos Torves, diretor da federa&ccedil;&atilde;o, o STF estaria disposto a aguardar.<\/p>\n<p>Ainda que o consenso entre trabalhadores e patr&otilde;es seja poss&iacute;vel e o tr&acirc;mite dentro do Congresso, r&aacute;pido, a t&aacute;tica n&atilde;o defende os interesses da Fenaj de uma decis&atilde;o do STF sobre o m&eacute;rito da obrigatoriedade do diploma. Se o Supremo julgar inconstitucional a exig&ecirc;ncia, esta n&atilde;o pode mais ser estabelecida por novas leis. Neste caso, qualquer regulamenta&ccedil;&atilde;o da profiss&atilde;o de jornalista poderia ser criada, desde que sem a previs&atilde;o da forma&ccedil;&atilde;o superior como crit&eacute;rio de barreira.<\/p>\n<p><strong>Hist&oacute;rico<\/strong><\/p>\n<p>Em 2001, o Minist&eacute;rio P&uacute;blico Federal entrou com a&ccedil;&atilde;o na Justi&ccedil;a Federal de S&atilde;o Paulo contra a exig&ecirc;ncia do diploma de jornalista para exercer a profiss&atilde;o. Segundo o MP, o Decreto-Lei 972\/69, que estabelece que o diploma &eacute; necess&aacute;rio para o exerc&iacute;cio da profiss&atilde;o de jornalista, vai de encontro com o artigo 5o da Constitui&ccedil;&atilde;o, que garante a liberdade de express&atilde;o.<\/p>\n<p><\/span>Em 23 de outubro de 2001, por decis&atilde;o liminar, foi suspensa a exig&ecirc;ncia do diploma de jornalismo. A a&ccedil;&atilde;o foi julgada parcialmente procedente em primeira inst&acirc;ncia. A Fenaj e o Sindicato dos Jornalistas Profissionais de S&atilde;o Paulo recorreram da decis&atilde;o e, em outubro de 2005, a 4&ordf; Turma do Tribunal Regional Federal da 3&ordf; Regi&atilde;o revogou a liminar.<\/p>\n<p>Em seguida, o Minist&eacute;rio P&uacute;blico Federal entrou com Recurso Extraordin&aacute;rio no STF e, depois, com a A&ccedil;&atilde;o Cautelar para garantir o exerc&iacute;cio da profiss&atilde;o por quem n&atilde;o tem diploma. Em novembro o presidente do Supremo, Gilmar Mendes, emitiu liminar suspendendo novamente a obrigatoriedade do diploma.<\/p>\n<p>Al&eacute;m do conflito com o artigo 5o da Constitui&ccedil;&atilde;o, as cr&iacute;ticas dentro do STF em rela&ccedil;&atilde;o ao Decreto-Lei 972 de 1960, que regulamenta at&eacute; hoje a profiss&atilde;o de jornalista, apontam para a invalidade de uma norma sem for&ccedil;a de lei, j&aacute; que o decreto n&atilde;o teria sido recepcionado pela Constitui&ccedil;&atilde;o Federal.<\/p>\n<p>A avalia&ccedil;&atilde;o feita at&eacute; mesmo dentro da dire&ccedil;&atilde;o da Fenaj &eacute; que, no momento, a tend&ecirc;ncia dos ministros do STF &eacute; votar contra a obrigatoriedade da forma&ccedil;&atilde;o espec&iacute;fica de n&iacute;vel superior para o exerc&iacute;cio da atividade jornal&iacute;stica. &ldquo;A posi&ccedil;&atilde;o do STF pende mais contra o diploma, embora haja possibilidades de reverter um ou outro voto&rdquo;, analisa Torves.<\/p>\n<p><strong>Convencer os ministros<\/strong><\/p>\n<p>Para reverter a situa&ccedil;&atilde;o, os dirigentes sindicais pretendem convencer os ministros do Supremo de que as alega&ccedil;&otilde;es constitucionais s&atilde;o insustent&aacute;veis. Segundo a Fenaj, a fragilidade jur&iacute;dica do Decreto-Lei 972 n&atilde;o poderia ser questionada, uma vez que h&aacute; outras normas semelhantes em vig&ecirc;ncia no pa&iacute;s. &ldquo;O Estatuto da Terra &eacute; um exemplo&rdquo;, diz Maria Jos&eacute; Braga, secret&aacute;ria-geral da Fenaj. J&aacute; a limita&ccedil;&atilde;o da liberdade de express&atilde;o tamb&eacute;m n&atilde;o seria argumento plaus&iacute;vel, uma vez que a atividade profissional de produ&ccedil;&atilde;o de not&iacute;cias n&atilde;o impediria a livre opini&atilde;o da popula&ccedil;&atilde;o por se tratarem de formas de express&atilde;o distintas e n&atilde;o-excludentes.<\/p>\n<p>Publicamente, os sindicalistas mant&eacute;m a cren&ccedil;a na for&ccedil;a destes argumentos. &ldquo;Sei que h&aacute; ceticismo, porque a tradi&ccedil;&atilde;o de julgamentos anteriores n&atilde;o nos d&aacute; margem, mas acho que precisamos acreditar que vamos ganhar o julgamento. H&aacute; v&aacute;rias decis&otilde;es do STF que consideram lei os decretos-lei baixados e h&aacute; decis&otilde;es importantes tomadas no judici&aacute;rios em defesa da exig&ecirc;ncia do diploma, inclusive no STJ [Superior Tribunal de Justi&ccedil;a]&rdquo;, afirmou o membro da Comiss&atilde;o Nacional de &Eacute;tica da Fenaj, Washington Mello.<\/p>\n<p>Na tentativa de convencer os ministros do STF, o Congresso dos Jornalistas aprovou a intensifica&ccedil;&atilde;o da agenda da campanha em defesa do diploma e da regulamenta&ccedil;&atilde;o profissional. A campanha come&ccedil;ou em 2001. Nos &uacute;ltimos meses, sindicatos e alguns cursos de Comunica&ccedil;&atilde;o Social organizaram atos em defesa da obrigatoriedade da forma&ccedil;&atilde;o em n&iacute;vel superior. <\/p>\n","protected":false},"excerpt":{"rendered":"<p>Nova regulamenta\u00e7\u00e3o da profiss\u00e3o de jornalista, discutida por GT do Minist\u00e9rio do Trabalho, poderia contornar decis\u00e3o iminente do STF, que pode revogar a obrigatoriedade da forma\u00e7\u00e3o superior<\/p>\n","protected":false},"author":1,"featured_media":0,"comment_status":"open","ping_status":"open","sticky":false,"template":"","format":"standard","meta":{"footnotes":""},"categories":[40],"tags":[765],"_links":{"self":[{"href":"https:\/\/obscom.intervozes.org.br\/index.php?rest_route=\/wp\/v2\/posts\/21710"}],"collection":[{"href":"https:\/\/obscom.intervozes.org.br\/index.php?rest_route=\/wp\/v2\/posts"}],"about":[{"href":"https:\/\/obscom.intervozes.org.br\/index.php?rest_route=\/wp\/v2\/types\/post"}],"author":[{"embeddable":true,"href":"https:\/\/obscom.intervozes.org.br\/index.php?rest_route=\/wp\/v2\/users\/1"}],"replies":[{"embeddable":true,"href":"https:\/\/obscom.intervozes.org.br\/index.php?rest_route=%2Fwp%2Fv2%2Fcomments&post=21710"}],"version-history":[{"count":0,"href":"https:\/\/obscom.intervozes.org.br\/index.php?rest_route=\/wp\/v2\/posts\/21710\/revisions"}],"wp:attachment":[{"href":"https:\/\/obscom.intervozes.org.br\/index.php?rest_route=%2Fwp%2Fv2%2Fmedia&parent=21710"}],"wp:term":[{"taxonomy":"category","embeddable":true,"href":"https:\/\/obscom.intervozes.org.br\/index.php?rest_route=%2Fwp%2Fv2%2Fcategories&post=21710"},{"taxonomy":"post_tag","embeddable":true,"href":"https:\/\/obscom.intervozes.org.br\/index.php?rest_route=%2Fwp%2Fv2%2Ftags&post=21710"}],"curies":[{"name":"wp","href":"https:\/\/api.w.org\/{rel}","templated":true}]}}