{"id":21707,"date":"2008-08-27T16:34:33","date_gmt":"2008-08-27T16:34:33","guid":{"rendered":"https:\/\/obscom.intervozes.org.br\/wordpress\/?p=21707"},"modified":"2008-08-27T16:34:33","modified_gmt":"2008-08-27T16:34:33","slug":"provedores-sao-contra-ideia-de-banda-larga-publica","status":"publish","type":"post","link":"https:\/\/obscom.intervozes.org.br\/?p=21707","title":{"rendered":"Provedores s\u00e3o contra id\u00e9ia de banda larga p\u00fablica"},"content":{"rendered":"<p>   \t \t \t \t \t<!-- \t\t@page { margin: 2cm } \t\tP { margin-bottom: 0.21cm } \t--> \t  <\/p>\n<p class=\"western padrao\">A possibilidade de que a banda larga venha a ser um novo servi&ccedil;o p&uacute;blico no Pa&iacute;s tem desagradado os provedores de internet. Em nota, a Rede Global Info. posiciono-se contrariamente &agrave; id&eacute;ia em debate dentro da Anatel e do Minist&eacute;rio das Comunica&ccedil;&otilde;es. A Associa&ccedil;&atilde;o Brasileira dos Pequenos Provedores de Internet e Telecomunica&ccedil;&otilde;es (Abrappit) tamb&eacute;m n&atilde;o tem nenhuma simpatia pela proposta. Em comum, as duas organiza&ccedil;&otilde;es n&atilde;o enxergam como a medida pode ser ben&eacute;fica para o usu&aacute;rio, j&aacute; que a transforma&ccedil;&atilde;o em servi&ccedil;o p&uacute;blico trar&aacute; aumento de custos no servi&ccedil;o e provavelmente reduzir&aacute; a concorr&ecirc;ncia.<\/p>\n<p>Ricardo Sanches, presidente da Abrappit e membro do conselho consultivo da Anatel, classifica a id&eacute;ia como um &ldquo;devaneio&rdquo;. Para Sanches, levar esse projeto a cabo verticalizar&aacute; de uma vez o setor e pode abrir precedentes para reduzir ainda mais o poder de escolha dos consumidores. &ldquo;&Eacute; devaneio dizer que isso &eacute; de interesse p&uacute;blico. O que &eacute; de interesse p&uacute;blico &eacute; o acesso &agrave; informa&ccedil;&atilde;o. E isso as concession&aacute;rias n&atilde;o s&atilde;o respons&aacute;veis; s&atilde;o s&oacute; pela infra-estrutura. Fazer isso &eacute; submeter todos os provedores ao poderio das concession&aacute;rias&rdquo;, protesta.<\/p>\n<p>Em entrevista a este notici&aacute;rio, Jorge de La Rocque, presidente da Rede Global Info, explica que um dos pontos de contesta&ccedil;&atilde;o dos provedores, e que motivou a associa&ccedil;&atilde;o a posicionar-se contra a id&eacute;ia, &eacute; o entendimento de que a banda larga n&atilde;o precisa ser servi&ccedil;o p&uacute;blico para elevar seus n&iacute;veis de qualidade. &ldquo;Para isso, bastaria a Anatel fazer o seu papel de fiscalizar.&rdquo; Dar novo status ao servi&ccedil;o elevar&aacute; o pre&ccedil;o final para o consumidor na medida em que ser&atilde;o impostas metas de universaliza&ccedil;&atilde;o. Outro por&eacute;m &eacute; que a rede atual est&aacute; esgotada e este problema n&atilde;o ser&aacute; resolvido com a transforma&ccedil;&atilde;o da banda larga em servi&ccedil;o p&uacute;blico.<\/p>\n<p><strong>O exemplo do Speedy<\/strong><\/p>\n<p>Para os provedores &eacute; inevit&aacute;vel falar desta proposta sem rememorar o recente problema na oferta de banda larga da Telef&ocirc;nica pelo servi&ccedil;o Speedy. O &ldquo;calad&atilde;o&rdquo; do Speedy &eacute; tratado pela Abrappit como um exemplo de que concentrar a banda larga nas m&atilde;os das atuais concession&aacute;rias n&atilde;o &eacute; prova de que o servi&ccedil;o ter&aacute; altos n&iacute;veis de qualidade. O racioc&iacute;nio de Sanches &eacute; baseado no fato de que, se a id&eacute;ia sair do papel, ser&aacute; inevit&aacute;vel que as concession&aacute;rias do STFC tamb&eacute;m venham a ser as futuras concession&aacute;rias de banda larga.<\/p>\n<p>La Rocque tamb&eacute;m usa a pane no Speedy como argumento contra a proposta. Na sua opini&atilde;o, o problema com a Telef&ocirc;nica revelou a real situa&ccedil;&atilde;o das redes de provimento de internet no Pa&iacute;s, onde a capacidade est&aacute; saturada h&aacute; tempos e os n&iacute;veis efetivos de presta&ccedil;&atilde;o do servi&ccedil;o s&atilde;o muito abaixo do que o anunciado no mercado.<\/p>\n<p><strong>Definir banda larga<\/strong><\/p>\n<p>O ponto crucial para La Rocque &eacute; que a Anatel, antes de qualquer coisa, defina o que &eacute; a banda larga. Hoje ela &eacute; considerada um Servi&ccedil;o de Valor Adicionado (SVA) mesma categoria onde constam servi&ccedil;os de caixa postal e identifica&ccedil;&atilde;o de chamadas, por exemplo. Sem uma defini&ccedil;&atilde;o clara, o presidente da Global Info. entende que n&atilde;o h&aacute; como travar uma discuss&atilde;o consistente sobre o assunto. &ldquo;Colocaram o carro na frente dos bois&rdquo;, resume.<\/p>\n<p>Outras quest&otilde;es que deveriam anteceder essa discuss&atilde;o, segundo La Rocque, &eacute; o acesso igualit&aacute;rio e irrestrito &agrave;s infra-estruturas que permitem a oferta do servi&ccedil;o &agrave; popula&ccedil;&atilde;o. &ldquo;Nem o uso dos postes de energia est&aacute; resolvido&rdquo;, reclama o presidente da entidade, rememorando a intermin&aacute;vel discuss&atilde;o entre Aneel e Anatel sobre o compartilhamento das estruturas do setor el&eacute;trico.<\/p>\n<p><strong>Verticaliza&ccedil;&atilde;o<\/strong><\/p>\n<p>A grande preocupa&ccedil;&atilde;o de Ricardo Sanches, da Abrappit, &eacute; o avan&ccedil;o de uma &oacute;tica no setor onde a concentra&ccedil;&atilde;o &eacute; entendida como algo positivo para a concorr&ecirc;ncia. Este discurso pr&oacute;-verticaliza&ccedil;&atilde;o da oferta de servi&ccedil;os &eacute; usado em v&aacute;rios momentos, inclusive nas discuss&otilde;es sobre a compra da Brasil Telecom pela Oi. O presidente da Oi, Luiz Eduardo Falco, tem repetido que a opera&ccedil;&atilde;o n&atilde;o aumenta a concentra&ccedil;&atilde;o, mas sim promove ganhos de escala para a companhia, o que seria positivo para o mercado.<\/p>\n<p>No entendimento de Sanches, a crescente defesa dos &ldquo;combos&rdquo; como o melhor sistema de oferta de servi&ccedil;os &eacute; nociva para o consumidor. Para que a empresa ofere&ccedil;a um pacote com m&uacute;ltiplos servi&ccedil;os &eacute; preciso que ela esteja verticalizada. E transformar a banda larga em servi&ccedil;o p&uacute;blico seria um passo definitivo na legaliza&ccedil;&atilde;o dessa verticaliza&ccedil;&atilde;o praticada hoje, na opini&atilde;o de Sanches. &ldquo;A verticaliza&ccedil;&atilde;o dos servi&ccedil;os prestados em uma mesma infra-estrutura &eacute; banir o direito de escolha do consumidor. Se isso est&aacute; certo, eu tenho que avisar as escolas de economia porque os grandes pensadores dessa &aacute;rea estavam todos errados quando falavam de concorr&ecirc;ncia.&rdquo;<\/p>\n<p>Sanches faz uma analogia para justificar seu entendimento de que o setor est&aacute; errado ao promover essa verticaliza&ccedil;&atilde;o em cima das concession&aacute;rias do STFC usando como argumento o monop&oacute;lio natural da infra-estrutura. Para ele, seria o mesmo que permitir que uma concession&aacute;ria de rodovia criasse empresas de transporte de passageiros, de transporte de carga, postos de combust&iacute;veis e quantas outras facilidades associadas com o objeto da concess&atilde;o, a estrada, e concentrasse a oferta desses servi&ccedil;os ao consumidor.<\/p>\n<p>O exemplo &eacute; irreal porque, apesar de terem rela&ccedil;&atilde;o com a estrada, o setor de transportes n&atilde;o entende que esses servi&ccedil;os s&atilde;o essenciais apenas pelo fato de usar a mesma infra-estrutura. Mas, para Sanches, o exemplo encaixa-se no setor de telecom na medida em que &eacute; permitido que a concession&aacute;ria, mesmo que por meio de subsidi&aacute;rias, tamb&eacute;m ofere&ccedil;a servi&ccedil;os de telefonia m&oacute;vel, TV por assinatura e banda larga, por exemplo, sob a &eacute;gide de que todos s&atilde;o servi&ccedil;os convergentes. Para o presidente da Abrappit, a ag&ecirc;ncia deveria estimular a competi&ccedil;&atilde;o e n&atilde;o a concentra&ccedil;&atilde;o dos servi&ccedil;os na m&atilde;o de poucas empresas. &ldquo;As quest&otilde;es relacionadas com o consumidor t&ecirc;m sempre muito apelo, ent&atilde;o acho que a ag&ecirc;ncia deveria priorizar o aumento do poder de escolha e n&atilde;o reduzi-lo&rdquo;, conclui.  <\/p>\n","protected":false},"excerpt":{"rendered":"<p>A possibilidade de que a banda larga venha a ser um novo servi&ccedil;o p&uacute;blico no Pa&iacute;s tem desagradado os provedores de internet. Em nota, a Rede Global Info. posiciono-se contrariamente &agrave; id&eacute;ia em debate dentro da Anatel e do Minist&eacute;rio das Comunica&ccedil;&otilde;es. A Associa&ccedil;&atilde;o Brasileira dos Pequenos Provedores de Internet e Telecomunica&ccedil;&otilde;es (Abrappit) tamb&eacute;m n&atilde;o &hellip; <a href=\"https:\/\/obscom.intervozes.org.br\/?p=21707\" class=\"more-link\">Continue lendo <span class=\"screen-reader-text\">Provedores s\u00e3o contra id\u00e9ia de banda larga p\u00fablica<\/span> <span class=\"meta-nav\">&rarr;<\/span><\/a><\/p>\n","protected":false},"author":1,"featured_media":0,"comment_status":"open","ping_status":"open","sticky":false,"template":"","format":"standard","meta":{"footnotes":""},"categories":[40],"tags":[150],"_links":{"self":[{"href":"https:\/\/obscom.intervozes.org.br\/index.php?rest_route=\/wp\/v2\/posts\/21707"}],"collection":[{"href":"https:\/\/obscom.intervozes.org.br\/index.php?rest_route=\/wp\/v2\/posts"}],"about":[{"href":"https:\/\/obscom.intervozes.org.br\/index.php?rest_route=\/wp\/v2\/types\/post"}],"author":[{"embeddable":true,"href":"https:\/\/obscom.intervozes.org.br\/index.php?rest_route=\/wp\/v2\/users\/1"}],"replies":[{"embeddable":true,"href":"https:\/\/obscom.intervozes.org.br\/index.php?rest_route=%2Fwp%2Fv2%2Fcomments&post=21707"}],"version-history":[{"count":0,"href":"https:\/\/obscom.intervozes.org.br\/index.php?rest_route=\/wp\/v2\/posts\/21707\/revisions"}],"wp:attachment":[{"href":"https:\/\/obscom.intervozes.org.br\/index.php?rest_route=%2Fwp%2Fv2%2Fmedia&parent=21707"}],"wp:term":[{"taxonomy":"category","embeddable":true,"href":"https:\/\/obscom.intervozes.org.br\/index.php?rest_route=%2Fwp%2Fv2%2Fcategories&post=21707"},{"taxonomy":"post_tag","embeddable":true,"href":"https:\/\/obscom.intervozes.org.br\/index.php?rest_route=%2Fwp%2Fv2%2Ftags&post=21707"}],"curies":[{"name":"wp","href":"https:\/\/api.w.org\/{rel}","templated":true}]}}